{"id":8695,"date":"2024-06-11T11:51:20","date_gmt":"2024-06-11T09:51:20","guid":{"rendered":"https:\/\/stalka.pl\/?p=8695"},"modified":"2024-06-11T12:19:51","modified_gmt":"2024-06-11T10:19:51","slug":"apple-na-konferencji-wwdc-pokazalo-nowy-obiektyw-canona-dla-apple-vision-pro","status":"publish","type":"post","link":"https:\/\/dailyweb.pl\/stalka\/apple-na-konferencji-wwdc-pokazalo-nowy-obiektyw-canona-dla-apple-vision-pro\/","title":{"rendered":"Apple na konferencji WWDC pokaza\u0142o nowy obiektyw Canona dla Apple Vision Pro"},"content":{"rendered":"\n<p>Apple podczas corocznej konferencji dla deweloper\u00f3w og\u0142osi\u0142o wsp\u00f3\u0142prac\u0119 z Canonem i fakt, \u017ce ten ostatni opracowuje obiektyw RF-S7.8mm F4 STM DUAL do popularnej kamery EOS R7, umo\u017cliwiaj\u0105c u\u017cytkownikom uchwycenie najcenniejszych chwil \u017cycia w przestrzennym wideo, a nast\u0119pnie ponowne prze\u017cycie tych wspomnie\u0144 na Apple Vision Pro.<\/p>\n\n\n\n<p>Nowy obiektyw STM DUAL jest najnowszym dodatkiem do linii EOS VR System firmy Canon i b\u0119dzie dost\u0119pny jeszcze tej jesieni. Canon jest pierwszym producentem kamer, kt\u00f3ry wprowadzi\u0142 dedykowany, wymienny obiektyw, kt\u00f3ry umo\u017cliwia profesjonalnym u\u017cytkownikom rejestrowanie osza\u0142amiaj\u0105cych film\u00f3w przestrzennych na Apple Vision Pro.<\/p>\n\n\n\n<h2 class=\"wp-block-heading\">Canon RF-S7.8mm F4 STM DUAL dla Apple Vision Pro<\/h2>\n\n\n\n<figure class=\"wp-block-image size-large\"><img fetchpriority=\"high\" decoding=\"async\" width=\"1024\" height=\"768\" src=\"https:\/\/stalka.pl\/wp-content\/uploads\/2024\/06\/20240610-lens2-1024x768.jpg\" alt=\"\" class=\"wp-image-8699\" title=\"\" srcset=\"https:\/\/dailyweb.pl\/stalka\/wp-content\/uploads\/2024\/06\/20240610-lens2-1024x768.jpg 1024w, https:\/\/dailyweb.pl\/stalka\/wp-content\/uploads\/2024\/06\/20240610-lens2-300x225.jpg 300w, https:\/\/dailyweb.pl\/stalka\/wp-content\/uploads\/2024\/06\/20240610-lens2-768x576.jpg 768w, https:\/\/dailyweb.pl\/stalka\/wp-content\/uploads\/2024\/06\/20240610-lens2-1536x1152.jpg 1536w, https:\/\/dailyweb.pl\/stalka\/wp-content\/uploads\/2024\/06\/20240610-lens2-2048x1536.jpg 2048w\" sizes=\"(max-width: 1024px) 100vw, 1024px\" \/><\/figure>\n\n\n\n<p>Jak mo\u017cemy przeczyta\u0107 w <a href=\"https:\/\/www.usa.canon.com\/newsroom\/2024\/20240610-lens\" target=\"_blank\" rel=\"noreferrer noopener nofollow\">informacji prasowej ameryka\u0144skiego oddzia\u0142u Canon<\/a>, dzi\u0119ki obiektywowi RF-S7.8mm F4 STM DUAL operatorzy mog\u0105 nagrywa\u0107 wspania\u0142e filmy przestrzenne nawet w najtrudniejszych warunkach o\u015bwietleniowych. Po nagraniu wideo za pomoc\u0105 wymiennego obiektywu aplikacja EOS VR Utility przekszta\u0142ca wideo przechwycone z kamery w wideo przestrzenne, kt\u00f3re widzowie mog\u0105 ogl\u0105da\u0107 na Apple Vision Pro.<\/p>\n\n\n\n<p>Obiektyw RF-S7.8mm F4 STM DUAL ma k\u0105t widzenia zbli\u017cony do pola widzenia cz\u0142owieka, co pozwala tw\u00f3rcom film\u00f3w w naturalny spos\u00f3b uchwyci\u0107 niezapomniane chwile. Obiektyw jest r\u00f3wnie\u017c wyposa\u017cony w szybki mechanizm automatycznego ustawiania ostro\u015bci, dzi\u0119ki czemu u\u017cytkownicy na wszystkich poziomach zaawansowania mog\u0105 nagrywa\u0107 niesamowite, przestrzenne filmy.<\/p>\n\n\n\n<figure class=\"wp-block-image size-large\"><img decoding=\"async\" width=\"1024\" height=\"768\" src=\"https:\/\/stalka.pl\/wp-content\/uploads\/2024\/06\/20240610-lens3-1024x768.jpg\" alt=\"\" class=\"wp-image-8700\" title=\"\" srcset=\"https:\/\/dailyweb.pl\/stalka\/wp-content\/uploads\/2024\/06\/20240610-lens3-1024x768.jpg 1024w, https:\/\/dailyweb.pl\/stalka\/wp-content\/uploads\/2024\/06\/20240610-lens3-300x225.jpg 300w, https:\/\/dailyweb.pl\/stalka\/wp-content\/uploads\/2024\/06\/20240610-lens3-768x576.jpg 768w, https:\/\/dailyweb.pl\/stalka\/wp-content\/uploads\/2024\/06\/20240610-lens3-1536x1152.jpg 1536w, https:\/\/dailyweb.pl\/stalka\/wp-content\/uploads\/2024\/06\/20240610-lens3-2048x1536.jpg 2048w\" sizes=\"(max-width: 1024px) 100vw, 1024px\" \/><\/figure>\n\n\n\n<p>Firma Canon wprowadzi\u0142a na rynek system EOS VR do rejestrowania wci\u0105gaj\u0105cych film\u00f3w VR w 2021 roku i od tego czasu zaspokaja potrzeby produkcji wideo w r\u00f3\u017cnych dziedzinach, w tym w rozrywce, turystyce i edukacji. System EOS VR jest wyposa\u017cony w dwa obiektywy i wykorzystuje lewy i prawy obiektyw do tworzenia pi\u0119knych tre\u015bci o niesamowitej g\u0142\u0119bi i wymiarze. Aby usprawni\u0107 proces produkcji wideo, \u015bwiat\u0142o wpadaj\u0105ce z odpowiednich obiektyw\u00f3w jest rejestrowane na pojedynczym czujniku CMOS, co eliminuje potrzeb\u0119 regulacji pozycji kamery lub synchronizacji przed rozpocz\u0119ciem nagrywania lub potrzeb\u0119 \u0142\u0105czenia materia\u0142u po zako\u0144czeniu filmowania.<\/p>\n\n\n\n<figure class=\"wp-block-embed alignwide is-type-wp-embed is-provider-sta-ka-pl wp-block-embed-sta-ka-pl\"><div class=\"wp-block-embed__wrapper\">\n<blockquote class=\"wp-embedded-content\" data-secret=\"wSWJx0ej0w\"><a href=\"https:\/\/stalka.pl\/rf-35-mm-f1-4l-vcm-canon-wprowadza-pierwszy-hybrydowy-obiektyw-staloogniskowy-rf\/\" rel=\"nofollow noopener\" target=\"_blank\">RF 35 mm F1.4L VCM \u2013 Canon wprowadza pierwszy hybrydowy obiektyw sta\u0142oogniskowy RF<\/a><\/blockquote><iframe class=\"wp-embedded-content\" sandbox=\"allow-scripts\" security=\"restricted\" style=\"position: absolute; visibility: hidden;\" title=\"&#8222;RF 35 mm F1.4L VCM \u2013 Canon wprowadza pierwszy hybrydowy obiektyw sta\u0142oogniskowy RF&#8221; &#8212; sta\u0142ka.pl\" src=\"https:\/\/stalka.pl\/rf-35-mm-f1-4l-vcm-canon-wprowadza-pierwszy-hybrydowy-obiektyw-staloogniskowy-rf\/embed\/#?secret=OmMPJfXWAM#?secret=wSWJx0ej0w\" data-secret=\"wSWJx0ej0w\" width=\"600\" height=\"338\" frameborder=\"0\" marginwidth=\"0\" marginheight=\"0\" scrolling=\"no\"><\/iframe>\n<\/div><\/figure>\n\n\n\n<p>Obiektyw RF-S7.8mm F4 STM DUAL to najnowszy przyk\u0142ad tego, jak firma Canon nadal zaspokaja kreatywne potrzeby profesjonalnych u\u017cytkownik\u00f3w, kt\u00f3rzy d\u0105\u017c\u0105 do tworzenia osza\u0142amiaj\u0105cych, wci\u0105gaj\u0105cych film\u00f3w, odkrywaj\u0105c nowe sposoby opowiadania historii. Na razie nic nie wiemy o dost\u0119pno\u015bci obiektywu w Europie i jego ewentualnej cenie. <\/p>\n","protected":false},"excerpt":{"rendered":"<div class=\"nofuss_excerpt\"><p>Podczas wczorajszej konferencji WWDC24 Apple pokaza\u0142o nowy obiektyw&#8230; marki Canon.<\/p>\n<\/div>","protected":false},"author":2,"featured_media":8701,"comment_status":"open","ping_status":"open","sticky":false,"template":"","format":"standard","meta":{"_acf_changed":false,"footnotes":""},"categories":[1],"tags":[262,83],"class_list":["post-8695","post","type-post","status-publish","format-standard","has-post-thumbnail","hentry","category-aktualnosci","tag-apple","tag-canon"],"acf":[],"_links":{"self":[{"href":"https:\/\/dailyweb.pl\/stalka\/wp-json\/wp\/v2\/posts\/8695","targetHints":{"allow":["GET"]}}],"collection":[{"href":"https:\/\/dailyweb.pl\/stalka\/wp-json\/wp\/v2\/posts"}],"about":[{"href":"https:\/\/dailyweb.pl\/stalka\/wp-json\/wp\/v2\/types\/post"}],"author":[{"embeddable":true,"href":"https:\/\/dailyweb.pl\/stalka\/wp-json\/wp\/v2\/users\/2"}],"replies":[{"embeddable":true,"href":"https:\/\/dailyweb.pl\/stalka\/wp-json\/wp\/v2\/comments?post=8695"}],"version-history":[{"count":7,"href":"https:\/\/dailyweb.pl\/stalka\/wp-json\/wp\/v2\/posts\/8695\/revisions"}],"predecessor-version":[{"id":8705,"href":"https:\/\/dailyweb.pl\/stalka\/wp-json\/wp\/v2\/posts\/8695\/revisions\/8705"}],"wp:featuredmedia":[{"embeddable":true,"href":"https:\/\/dailyweb.pl\/stalka\/wp-json\/wp\/v2\/media\/8701"}],"wp:attachment":[{"href":"https:\/\/dailyweb.pl\/stalka\/wp-json\/wp\/v2\/media?parent=8695"}],"wp:term":[{"taxonomy":"category","embeddable":true,"href":"https:\/\/dailyweb.pl\/stalka\/wp-json\/wp\/v2\/categories?post=8695"},{"taxonomy":"post_tag","embeddable":true,"href":"https:\/\/dailyweb.pl\/stalka\/wp-json\/wp\/v2\/tags?post=8695"}],"curies":[{"name":"wp","href":"https:\/\/api.w.org\/{rel}","templated":true}]}}