{"id":7985,"date":"2024-05-10T12:00:00","date_gmt":"2024-05-10T10:00:00","guid":{"rendered":"https:\/\/stalka.pl\/?p=7985"},"modified":"2024-05-10T10:33:51","modified_gmt":"2024-05-10T08:33:51","slug":"doskonale-wiesci-od-kodaka-planuje-wiekszy-nacisk-na-produkcje-filmow-analogowych","status":"publish","type":"post","link":"https:\/\/dailyweb.pl\/stalka\/doskonale-wiesci-od-kodaka-planuje-wiekszy-nacisk-na-produkcje-filmow-analogowych\/","title":{"rendered":"Doskona\u0142e wie\u015bci od Kodaka. Planuje wi\u0119kszy nacisk na produkcje film\u00f3w analogowych"},"content":{"rendered":"\n<p>Kodak w\u0142a\u015bnie opublikowa\u0142 swoje <a href=\"https:\/\/www.kodak.com\/en\/company\/press-release\/q1-2024-financial-results\/\" rel=\"nofollow noopener\" target=\"_blank\">sprawozdanie finansowe<\/a>, z kt\u00f3rego wynika jasno. Maj\u0105 si\u0119 bardzo dobrze, ale to nie najwa\u017cniejszy przekaz. Jest te\u017c komunikat pojawiaj\u0105cy si\u0119 mi\u0119dzy s\u0142owami, o tym, \u017ce zwi\u0119ksz\u0105 produkcj\u0119 film\u00f3w analogowych, w odpowiedzi na wi\u0119ksze zainteresowanie.<\/p>\n\n\n\n<p>Kodak opublikowa\u0142 o\u015bwiadczenie prasowe, w kt\u00f3rym mamy do czynienia z samymi rewelacjami. Oczywi\u015bcie ten charakter publikacji zawsze prezentuje wszystko w kolorowych barwach, wszystko z my\u015bl\u0105 o inwestorach, tak, by byli spokojni o rozw\u00f3j firmy, w kt\u00f3r\u0105 zainwestowali pieni\u0105dze. Okazuje si\u0119, \u017ce nie trzeba si\u0119\u00a0doszukiwa\u0107\u00a0przesadnego koloryzowania, bo Kodak ma bardzo solidne argumenty na to, by powiedzie\u0107, \u017ce dzieje si\u0119 bardzo dobrze.<\/p>\n\n\n\n<figure class=\"wp-block-embed is-type-wp-embed is-provider-sta-ka-pl wp-block-embed-sta-ka-pl\"><div class=\"wp-block-embed__wrapper\">\n<blockquote class=\"wp-embedded-content\" data-secret=\"JKqzb2f1ZL\"><a href=\"https:\/\/stalka.pl\/w-mojej-glowie-pojawila-sie-przerazajaca-mysl-wyprzedac-caly-osprzet-dla-jednego-obiektywu\/\" rel=\"nofollow noopener\" target=\"_blank\">W mojej g\u0142owie pojawi\u0142a si\u0119\u00a0przera\u017caj\u0105ca my\u015bl &#8211; wyprzeda\u0107 ca\u0142y osprz\u0119t dla jednego obiektywu?<\/a><\/blockquote><iframe class=\"wp-embedded-content\" sandbox=\"allow-scripts\" security=\"restricted\" style=\"position: absolute; visibility: hidden;\" title=\"&#8222;W mojej g\u0142owie pojawi\u0142a si\u0119\u00a0przera\u017caj\u0105ca my\u015bl &#8211; wyprzeda\u0107 ca\u0142y osprz\u0119t dla jednego obiektywu?&#8221; &#8212; sta\u0142ka.pl\" src=\"https:\/\/stalka.pl\/w-mojej-glowie-pojawila-sie-przerazajaca-mysl-wyprzedac-caly-osprzet-dla-jednego-obiektywu\/embed\/#?secret=8S9bckPYi2#?secret=JKqzb2f1ZL\" data-secret=\"JKqzb2f1ZL\" width=\"600\" height=\"338\" frameborder=\"0\" marginwidth=\"0\" marginheight=\"0\" scrolling=\"no\"><\/iframe>\n<\/div><\/figure>\n\n\n\n<p>Ot\u00f3\u017c&nbsp;ze sprawozdania wynika jasno, \u017ce Q1 2024 to wzrost dla marki na poziomie 20% brutto. Por\u00f3wnuj\u0105c to zestawienie z rokiem ubieg\u0142ym, to 2% wzrost. Niewielki, ale dalej wzrost. Kondycja Kodak ma si\u0119 doskonale, a to oczywi\u015bcie sprzyja inwestycjom, o kt\u00f3rych marka r\u00f3wnie\u017c w komunikacie wspomnia\u0142a. <\/p>\n\n\n\n<blockquote class=\"wp-block-quote is-layout-flow wp-block-quote-is-layout-flow\">\n<p>&nbsp;In AM&amp;C, we are committed to our film business and are expanding our manufacturing capacity to meet growing demand for both still and motion picture film.&nbsp;<\/p>\n<\/blockquote>\n\n\n\n<p>To zdanie jest kluczowe w ca\u0142ym artykule, bo dostajemy bardzo jasny komunikat, \u017ce filmy analogowe b\u0119d\u0105 produkowane jeszcze z wi\u0119ksz\u0105 moc\u0105. Kodak planuje rozbudowa\u0107 struktury produkcyjne, by odpowiedzie\u0107 na zapotrzebowanie rynku. Czy to mo\u017ce oznacza\u0107 lepsz\u0105 dost\u0119pno\u015b\u0107 i ni\u017csze ceny? O ile pierwszego jestem pewien, o tyle z drugim nie by\u0142bym takim optymist\u0105. <\/p>\n\n\n\n<figure class=\"wp-block-embed aligncenter is-type-wp-embed is-provider-sta-ka-pl wp-block-embed-sta-ka-pl\"><div class=\"wp-block-embed__wrapper\">\n<blockquote class=\"wp-embedded-content\" data-secret=\"IrXxsLm8KJ\"><a href=\"https:\/\/stalka.pl\/piekny-canon-mc-juz-w-moich-rekach-nie-obylo-sie-bez-nerwow\/\" rel=\"nofollow noopener\" target=\"_blank\">Pi\u0119kny Canon MC ju\u017c w moich r\u0119kach. Nie oby\u0142o si\u0119 bez nerw\u00f3w<\/a><\/blockquote><iframe class=\"wp-embedded-content\" sandbox=\"allow-scripts\" security=\"restricted\" style=\"position: absolute; visibility: hidden;\" title=\"&#8222;Pi\u0119kny Canon MC ju\u017c w moich r\u0119kach. Nie oby\u0142o si\u0119 bez nerw\u00f3w&#8221; &#8212; sta\u0142ka.pl\" src=\"https:\/\/stalka.pl\/piekny-canon-mc-juz-w-moich-rekach-nie-obylo-sie-bez-nerwow\/embed\/#?secret=W2Wu4vw9Xv#?secret=IrXxsLm8KJ\" data-secret=\"IrXxsLm8KJ\" width=\"600\" height=\"338\" frameborder=\"0\" marginwidth=\"0\" marginheight=\"0\" scrolling=\"no\"><\/iframe>\n<\/div><\/figure>\n\n\n\n<p>Jest tak\u017ce zapowied\u017a nowych produkt\u00f3w z kategorii print, ale to oczywi\u015bcie <em>nikogo<\/em>, nie sta\u0142kowicz\u00f3w. Maj\u0105 si\u0119&nbsp;on pojawi\u0107 podczas targ\u00f3w printowych Drupa, kt\u00f3re odb\u0119d\u0105 si\u0119 na prze\u0142omie maja i czerwca 2024.<\/p>\n\n\n<div class=\"wp-block-image\">\n<figure class=\"aligncenter size-full is-resized\"><img fetchpriority=\"high\" decoding=\"async\" width=\"1303\" height=\"1891\" src=\"https:\/\/stalka.pl\/wp-content\/uploads\/2024\/05\/pve7l0n4ohzc1.jpeg\" alt=\"\" class=\"wp-image-7993\" style=\"width:427px;height:auto\" title=\"\" srcset=\"https:\/\/dailyweb.pl\/stalka\/wp-content\/uploads\/2024\/05\/pve7l0n4ohzc1.jpeg 1303w, https:\/\/dailyweb.pl\/stalka\/wp-content\/uploads\/2024\/05\/pve7l0n4ohzc1-207x300.jpeg 207w, https:\/\/dailyweb.pl\/stalka\/wp-content\/uploads\/2024\/05\/pve7l0n4ohzc1-706x1024.jpeg 706w, https:\/\/dailyweb.pl\/stalka\/wp-content\/uploads\/2024\/05\/pve7l0n4ohzc1-768x1115.jpeg 768w, https:\/\/dailyweb.pl\/stalka\/wp-content\/uploads\/2024\/05\/pve7l0n4ohzc1-1058x1536.jpeg 1058w\" sizes=\"(max-width: 1303px) 100vw, 1303px\" \/><\/figure>\n<\/div>\n\n\n<p>My oczywi\u015bcie w optymistyczny spos\u00f3b patrzymy na deklaracje z filmami analogowymi i po cichu liczymy, \u017ce konkurencja p\u00f3jdzie w \u015blad Kodaka, co w efekcie prze\u0142o\u017cy si\u0119 na wspomnian\u0105&nbsp;dost\u0119pno\u015b\u0107, wyb\u00f3r i przede wszystkim lepsz\u0105 cen\u0119, cholernie drogich film\u00f3w, szczeg\u00f3lnie kolorowych.<\/p>\n","protected":false},"excerpt":{"rendered":"<div class=\"nofuss_excerpt\"><p>Kodak w\u0142a\u015bnie opublikowa\u0142 swoje sprawozdanie<\/p>\n<\/div>","protected":false},"author":1,"featured_media":7987,"comment_status":"open","ping_status":"open","sticky":false,"template":"","format":"standard","meta":{"_acf_changed":false,"footnotes":""},"categories":[1],"tags":[88,105],"class_list":["post-7985","post","type-post","status-publish","format-standard","has-post-thumbnail","hentry","category-aktualnosci","tag-analoglife","tag-kodak"],"acf":[],"_links":{"self":[{"href":"https:\/\/dailyweb.pl\/stalka\/wp-json\/wp\/v2\/posts\/7985","targetHints":{"allow":["GET"]}}],"collection":[{"href":"https:\/\/dailyweb.pl\/stalka\/wp-json\/wp\/v2\/posts"}],"about":[{"href":"https:\/\/dailyweb.pl\/stalka\/wp-json\/wp\/v2\/types\/post"}],"author":[{"embeddable":true,"href":"https:\/\/dailyweb.pl\/stalka\/wp-json\/wp\/v2\/users\/1"}],"replies":[{"embeddable":true,"href":"https:\/\/dailyweb.pl\/stalka\/wp-json\/wp\/v2\/comments?post=7985"}],"version-history":[{"count":5,"href":"https:\/\/dailyweb.pl\/stalka\/wp-json\/wp\/v2\/posts\/7985\/revisions"}],"predecessor-version":[{"id":7996,"href":"https:\/\/dailyweb.pl\/stalka\/wp-json\/wp\/v2\/posts\/7985\/revisions\/7996"}],"wp:featuredmedia":[{"embeddable":true,"href":"https:\/\/dailyweb.pl\/stalka\/wp-json\/wp\/v2\/media\/7987"}],"wp:attachment":[{"href":"https:\/\/dailyweb.pl\/stalka\/wp-json\/wp\/v2\/media?parent=7985"}],"wp:term":[{"taxonomy":"category","embeddable":true,"href":"https:\/\/dailyweb.pl\/stalka\/wp-json\/wp\/v2\/categories?post=7985"},{"taxonomy":"post_tag","embeddable":true,"href":"https:\/\/dailyweb.pl\/stalka\/wp-json\/wp\/v2\/tags?post=7985"}],"curies":[{"name":"wp","href":"https:\/\/api.w.org\/{rel}","templated":true}]}}