{"id":6838,"date":"2023-11-28T13:30:00","date_gmt":"2023-11-28T12:30:00","guid":{"rendered":"https:\/\/stalka.pl\/?p=6838"},"modified":"2024-04-04T15:09:13","modified_gmt":"2024-04-04T13:09:13","slug":"kodak-super-8-to-analogowa-kamera-na-film-8-mm-o-koszcie-22000-zl-chetnych-jest-cala-masa","status":"publish","type":"post","link":"https:\/\/dailyweb.pl\/stalka\/kodak-super-8-to-analogowa-kamera-na-film-8-mm-o-koszcie-22000-zl-chetnych-jest-cala-masa\/","title":{"rendered":"Kodak Super 8 to analogowa kamera na film 8 mm o koszcie 22000 z\u0142. Ch\u0119tnych jest ca\u0142a masa"},"content":{"rendered":"\n<p>Analogowa fotografia jest w rozkwicie. Pokazuj\u0105 to <a href=\"https:\/\/stalka.pl\/tag\/analoglife\/\" target=\"_blank\" rel=\"noreferrer noopener nofollow\">nasze ostanie wpisy<\/a>, kt\u00f3re ciesz\u0105 si\u0119 sporym zainteresowaniem w\u015br\u00f3d naszych czytelnik\u00f3w. Po oko\u0142o 6 latach Kodak Super 8 wreszcie jest bliski debiutu na rynku. Czym nas zaskoczy ta analogowa kamera na film 8 mm?<\/p>\n\n\n\n<p>Ju\u017c w 2016 roku Kodak pokazywa\u0142 prototyp analogowej kamery na film 8 mm. Cudo rozpali\u0142o w\u00f3wczas mi\u0142o\u015bnik\u00f3w analogowej kinematografii. Co ciekawe, jest ich naprawd\u0119 sporo. Kodak jeszcze w 2018 roku dawa\u0142 zna\u0107 na temat tej konstrukcji. Niestety przez kilka ostatnich lat sprawa ucich\u0142a do tego stopnia, \u017ce u\u017cytkownicy stwierdzili, i\u017c Kodak zaprzesta\u0142 rozwoju sprz\u0119tu.<\/p>\n\n\n\n<p>Zak\u0142adka o Kodak Super 8 nie znikn\u0119\u0142a jednak ze strony internetowej producenta. Widocznie firma potrzebowa\u0142a czasu na rozw\u00f3j tytu\u0142owego sprz\u0119tu. Na ca\u0142e szcz\u0119\u015bcie w tej chwili zaprasza ch\u0119tnych do sk\u0142adania rezerwacji na zakup tego wyj\u0105tkowego urz\u0105dzenia. Uprzedzam, \u017ce b\u0119dzie naprawd\u0119 drogo!<\/p>\n\n\n\n<figure class=\"wp-block-embed alignwide is-type-video is-provider-youtube wp-block-embed-youtube wp-embed-aspect-16-9 wp-has-aspect-ratio\"><div class=\"wp-block-embed__wrapper\">\n<iframe title=\"KODAK Super 8 Camera Sizzle Reel 2023\" width=\"1778\" height=\"1000\" src=\"https:\/\/www.youtube.com\/embed\/TuCJ0wYp4SE?feature=oembed\" frameborder=\"0\" allow=\"accelerometer; autoplay; clipboard-write; encrypted-media; gyroscope; picture-in-picture; web-share\" referrerpolicy=\"strict-origin-when-cross-origin\" allowfullscreen><\/iframe>\n<\/div><\/figure>\n\n\n\n<h2 class=\"wp-block-heading\">Kodak Super 8 za 22 000 z\u0142<\/h2>\n\n\n\n<p>Super 8 to standard wymy\u015blony przez Kodaka w 1960 roku.<strong> Natomiast finalnie trafi\u0142 na rynek w 1965 roku, z miejsca rewolucjonizuj\u0105c amatorsk\u0105 wideografi\u0119.<\/strong> To by\u0142 po prostu technologiczny przeskok, kt\u00f3ry znacznie upro\u015bci\u0142 ofert\u0119 rynku. Co wi\u0119cej, ca\u0142kiem szybko, bo ju\u017c w 1973 roku, wprowadzi\u0142 mo\u017cliwo\u015b\u0107 nagrywania d\u017awi\u0119ku (na dodatkowym magnetycznym pasku w kasecie z filmem). Format ten Kodak porzuci\u0142 dopiero ok. 1990 roku. Producent nie zaprzesta\u0142 jednak produkcji ta\u015bmy ze wzgl\u0119du na nieprzerwane zainteresowanie klient\u00f3w.<\/p>\n\n\n\n<figure class=\"wp-block-image alignfull\"><a href=\"https:\/\/alfred.dailyweb.pl\/wp-content\/uploads\/2023\/11\/Obrazek-5-5.jpeg\"><img decoding=\"async\" src=\"https:\/\/alfred.dailyweb.pl\/wp-content\/uploads\/2023\/11\/Obrazek-5-5.jpeg\" alt=\"Kodak Super 8\" class=\"wp-image-216813\" title=\"\"><\/a><\/figure>\n\n\n\n<p>Wydawa\u0142o si\u0119, \u017ce jest to ca\u0142kiem porzucony projekt. A tu niespodzianka, bo nagle Kodak poinformowa\u0142 o tym, i\u017c sprz\u0119t jest w\u0142a\u015bciwie gotowy do rynkowego debiutu. <strong>Dysponuje on tak\u0105 sam\u0105 form\u0105 jak pierwowz\u00f3r z 2016 roku.<\/strong><\/p>\n\n\n<div class=\"wp-block-image\">\n<figure class=\"aligncenter\"><a href=\"https:\/\/alfred.dailyweb.pl\/wp-content\/uploads\/2023\/11\/Obrazek-9-2.jpeg\"><img decoding=\"async\" src=\"https:\/\/alfred.dailyweb.pl\/wp-content\/uploads\/2023\/11\/Obrazek-9-2.jpeg\" alt=\"Kodak Super 8\" class=\"wp-image-216810\" title=\"\"><\/a><\/figure>\n<\/div>\n\n\n<p>Kamera jest w stanie uwieczni\u0107 obraz na filmie 8 mm. Kodak ju\u017c wcze\u015bniej produkowa\u0142 taki film w wielu wariantach i opcjach. Kamera ma \u201erozszerzon\u0105 bramk\u0119\u201d i umo\u017cliwia nagrywanie w formacie 16:9, a to 11% wi\u0119kszego obszaru do przechwytywania ni\u017c w przypadku tradycyjnego filmu Super 8. Obraz nagrywany jest jednak na tradycyjnym filmie 8 mm (14:9). Kamera obs\u0142uguje obiektywy na bagnet typu C. <strong>W zestawie znalaz\u0142 si\u0119 obiektyw 6 mm, kt\u00f3rego ekwiwalent ogniskowej to 34 mm.<\/strong> <strong>Kamera nagrywa obraz w 18, 24, 25 oraz 36 klatkach na sekund\u0119.<\/strong> Mo\u017cliwe jest r\u00f3wnie\u017c ustawienie w\u0142asnej warto\u015bci. W zestawie znalaz\u0142a si\u0119 r\u00f3wnie\u017c kaseta z filmem Kodak TRI-X Black &amp; White Reversal Film 7266 o d\u0142ugo\u015bci 50 st\u00f3p (15,24 metra). Jej og\u00f3lny koszt wynosi 75 dolar\u00f3w, pozwala nagra\u0107 od 2 do 3 minut filmu.<\/p>\n\n\n<div class=\"wp-block-image\">\n<figure class=\"aligncenter\"><a href=\"https:\/\/alfred.dailyweb.pl\/wp-content\/uploads\/2023\/11\/Obrazek-8-2.jpeg\"><img decoding=\"async\" src=\"https:\/\/alfred.dailyweb.pl\/wp-content\/uploads\/2023\/11\/Obrazek-8-2.jpeg\" alt=\"Kodak Super 8\" class=\"wp-image-216811\" title=\"\"><\/a><\/figure>\n<\/div>\n\n\n<p>Kamera posiada dla wygody ekran 4-calowy LCD z podgl\u0105dem parametr\u00f3w i nagrywanego materia\u0142u. Pewnie zastanawiacie si\u0119 jak, bo przecie\u017c to analogowa kamera. Bezpo\u015brednio za materia\u0142em \u015bwiat\u0142oczu\u0142ym znalaz\u0142o si\u0119 miejsce dla matrycy, kt\u00f3ra przechwytuje obraz. Kamera Kodak Super 8 posiada r\u00f3wnie\u017c gniazdo na kart\u0119 SD do zapisywania d\u017awi\u0119ku przy u\u017cyciu zewn\u0119trznych mikrofon\u00f3w &#8211; pod\u0142\u0105czanych do kamery za pomoc\u0105 portu 3,5 mm.<\/p>\n\n\n\n<figure class=\"wp-block-image alignwide\"><a href=\"https:\/\/alfred.dailyweb.pl\/wp-content\/uploads\/2023\/11\/Obrazek-10-1.jpeg\"><img decoding=\"async\" src=\"https:\/\/alfred.dailyweb.pl\/wp-content\/uploads\/2023\/11\/Obrazek-10-1.jpeg\" alt=\"Kodak Super 8\" class=\"wp-image-216809\" title=\"\"><\/a><figcaption class=\"wp-element-caption\">Odchylany ekran LCD<\/figcaption><\/figure>\n\n\n\n<p>Wi\u0119cej danych znajdziecie na <a href=\"https:\/\/www.kodak.com\/en\/motion\/page\/super-8-camera?CID=go&amp;idhbx=super8camera\" target=\"_blank\" rel=\"noreferrer noopener nofollow\">stronie producenta<\/a>, w <a href=\"https:\/\/www.kodak.com\/content\/pdfs\/KODAK-SUPER-8-Camera-datasheet.pdf\" target=\"_blank\" rel=\"noreferrer noopener nofollow\">prospekcie<\/a> oraz w <a href=\"https:\/\/www.kodak.com\/content\/pdfs\/KODAK-SUPER-8-Camera-user-manual.pdf\" target=\"_blank\" rel=\"noreferrer noopener nofollow\">samej instrukcji<\/a>. <strong>Sprz\u0119t dost\u0119pny b\u0119dzie w cenie 5 549 dolar\u00f3w (oko\u0142o 21 850 z\u0142).<\/strong> Wi\u0119cej informacji o filmach Kodak 8 mm <a href=\"https:\/\/www.kodak.com\/en\/motion\/page\/super-8-films\/\" target=\"_blank\" rel=\"noreferrer noopener nofollow\">dost\u0119pnych jest tutaj.<\/a><\/p>\n","protected":false},"excerpt":{"rendered":"<div class=\"nofuss_excerpt\"><p>Po oko\u0142o 6 latach Kodak Super 8 wreszcie jest bliski debiutu na rynku. Czym nas zaskoczy ta analogowa kamera na film 8 mm?<\/p>\n<\/div>","protected":false},"author":3,"featured_media":6840,"comment_status":"open","ping_status":"open","sticky":false,"template":"","format":"standard","meta":{"_acf_changed":false,"footnotes":""},"categories":[1],"tags":[91,105,106],"class_list":["post-6838","post","type-post","status-publish","format-standard","has-post-thumbnail","hentry","category-aktualnosci","tag-analog","tag-kodak","tag-kodak-super-8"],"acf":[],"_links":{"self":[{"href":"https:\/\/dailyweb.pl\/stalka\/wp-json\/wp\/v2\/posts\/6838","targetHints":{"allow":["GET"]}}],"collection":[{"href":"https:\/\/dailyweb.pl\/stalka\/wp-json\/wp\/v2\/posts"}],"about":[{"href":"https:\/\/dailyweb.pl\/stalka\/wp-json\/wp\/v2\/types\/post"}],"author":[{"embeddable":true,"href":"https:\/\/dailyweb.pl\/stalka\/wp-json\/wp\/v2\/users\/3"}],"replies":[{"embeddable":true,"href":"https:\/\/dailyweb.pl\/stalka\/wp-json\/wp\/v2\/comments?post=6838"}],"version-history":[{"count":2,"href":"https:\/\/dailyweb.pl\/stalka\/wp-json\/wp\/v2\/posts\/6838\/revisions"}],"predecessor-version":[{"id":6842,"href":"https:\/\/dailyweb.pl\/stalka\/wp-json\/wp\/v2\/posts\/6838\/revisions\/6842"}],"wp:featuredmedia":[{"embeddable":true,"href":"https:\/\/dailyweb.pl\/stalka\/wp-json\/wp\/v2\/media\/6840"}],"wp:attachment":[{"href":"https:\/\/dailyweb.pl\/stalka\/wp-json\/wp\/v2\/media?parent=6838"}],"wp:term":[{"taxonomy":"category","embeddable":true,"href":"https:\/\/dailyweb.pl\/stalka\/wp-json\/wp\/v2\/categories?post=6838"},{"taxonomy":"post_tag","embeddable":true,"href":"https:\/\/dailyweb.pl\/stalka\/wp-json\/wp\/v2\/tags?post=6838"}],"curies":[{"name":"wp","href":"https:\/\/api.w.org\/{rel}","templated":true}]}}