{"id":6813,"date":"2023-12-21T15:00:00","date_gmt":"2023-12-21T14:00:00","guid":{"rendered":"https:\/\/stalka.pl\/?p=6813"},"modified":"2024-04-04T15:26:45","modified_gmt":"2024-04-04T13:26:45","slug":"przecieki-wyjawily-wiecej-o-nadchodzacym-canon-rf-35mm-f-1-2l-usm","status":"publish","type":"post","link":"https:\/\/dailyweb.pl\/stalka\/przecieki-wyjawily-wiecej-o-nadchodzacym-canon-rf-35mm-f-1-2l-usm\/","title":{"rendered":"Przecieki wyjawi\u0142y wi\u0119cej o nadchodz\u0105cym Canon RF 35mm f\/1.2L USM"},"content":{"rendered":"\n<p>Canon ca\u0142y czas rozwija swoj\u0105 palet\u0119 obiektyw\u00f3w RF, oferuj\u0105c chocia\u017cby zupe\u0142nie szalone 24-105 mm f\/2.8. W ofercie brakowa\u0142o dot\u0105d podstawowej ogniskowej 35 mm w wersji L. Teraz ma si\u0119 to zmieni\u0107.<\/p>\n\n\n\n<p>Kilka miesi\u0119cy temu wymieni\u0142em swojego starego i wys\u0142u\u017conego Canona 60d na pe\u0142noklatkowego bezlusterkowca Canon RP. Wielu zapewne zacznie narzeka\u0107, \u017ce stary, wolny i z kiepskimi opcjami wideo. Dla mnie to jednak niesamowity przeskok. W dodatku aparat przywr\u00f3ci\u0142 mi przyjemno\u015b\u0107 z fotografowania i og\u00f3ln\u0105 zajawk\u0119. Zacz\u0105\u0142em tak\u017ce baczniej \u015bledzi\u0107 premiery urz\u0105dze\u0144 na rynku foto.<\/p>\n\n\n\n<p>Swoje body zakupi\u0142em wraz z obiektywem 50 mm f\/1.8. Kultowe nifty-fifty to wyb\u00f3r o tyle naturalny, \u017ce jest to najta\u0144szy obiektyw na system RF. Cechuje go tak\u017ce du\u017ca uniwersalno\u015b\u0107. Apetyt ro\u015bnie jednak w miar\u0119 jedzenia, wi\u0119c szybko pojawi\u0142 si\u0119 pomys\u0142 na zakup kolejnego szk\u0142a. Rozwa\u017ca\u0142em portretowe 85 mm i co\u015b szerszego. Wyb\u00f3r pad\u0142 na obiektyw 35 mm f\/1.8. Co ciekawe, w\u0142a\u015bnie ta ogniskowa jest ostatni\u0105 ze z\u0142otej tr\u00f3jki (35, 50, 85 mm), kt\u00f3ra nie doczeka\u0142a si\u0119 jeszcze swojej &#8220;elki&#8221;, czyli obiektywu z serii L (luxury) przygotowanej przez Canona dla profesjonalist\u00f3w.<\/p>\n\n\n\n<h2 class=\"wp-block-heading\">Canon RF 35 mm f\/1.2L w 2024 roku<\/h2>\n\n\n\n<p>To ma si\u0119 wkr\u00f3tce zmieni\u0107. Dla jasno\u015bci, o &#8220;elce&#8221; w 35 mm plotkuje si\u0119 od dawna. Jednak chwil\u0119 temu serwis Canon Rumors opublikowa\u0142 wi\u0119cej informacji o nadchodz\u0105cym szkle. <strong>Oznaczono je kodem CR3, co oznacza, zwa\u017caj\u0105c na poprzednie do\u015bwiadczenia, pewny debiut obiektywu w opublikowanej specyfikacji.<\/strong>&nbsp;<\/p>\n\n\n\n<p>Na grupach u\u017cytkownik\u00f3w aparat\u00f3w Canona przy ka\u017cdej premierze nowego szk\u0142a mo\u017cemy przeczyta\u0107 o tym, \u017ce obiektyw jest za ciemny, za ci\u0119\u017cki i za drogi. W przypadku RF 35 mm f\/1.2L USM nie b\u0119dzie zgadza\u0107 si\u0119 tylko ta pierwsza informacja. Spekulowano, i\u017c trzydziestka pi\u0105tka w serii L mo\u017ce mie\u0107 jasno\u015b\u0107 f\/1.4, co mia\u0142o pozwoli\u0107 na redukcj\u0119 ceny i wagi. Sta\u0142o si\u0119 inaczej, bo Canon najprawdopodobniej wprowadzi do sprzeda\u017cy wersj\u0119 f\/1.2. <strong>Patrz\u0105c na wymiary, powinna ona wa\u017cy\u0107 oko\u0142o kilograma. Nie b\u0119dzie te\u017c tanio.<\/strong> Obiektywy 50 mm i 85 mm w serii L kosztuj\u0105 oko\u0142o 13 tysi\u0119cy z\u0142otych. Podobnej ceny powinni\u015bmy spodziewa\u0107 si\u0119 w przypadku trzydziestki pi\u0105tki. Mowa oczywi\u015bcie o kwotach w sklepie Canona, bo w innych miejscach znajdziemy ta\u0144sze oferty.<\/p>\n\n\n\n<figure class=\"wp-block-image alignwide\"><a href=\"https:\/\/alfred.dailyweb.pl\/wp-content\/uploads\/2023\/12\/rf_lenses.webp\"><img decoding=\"async\" src=\"https:\/\/alfred.dailyweb.pl\/wp-content\/uploads\/2023\/12\/rf_lenses.webp\" alt=\"obiektywy Canon RF\" class=\"wp-image-219727\" title=\"\"><\/a><\/figure>\n\n\n\n<h3 class=\"wp-block-heading\">Canon RF 35mm f\/1.2L przewidywana specyfikacja<\/h3>\n\n\n\n<p>Z kwestii technicznych to poznali\u015bmy na razie tylko podstawowe informacje o nadchodz\u0105cej &#8220;elce&#8221; 35 mm. <strong>Znamy wymiary, dok\u0142adn\u0105 ogniskow\u0105, przys\u0142on\u0119 czy wykorzystany silnik autofokusa.<\/strong> Wszystkie informacje znajdziecie w poni\u017cszej tabeli.<\/p>\n\n\n\n<figure class=\"wp-block-table\"><table><tbody><tr><td>Ogniskowa<\/td><td>34,00 mm<\/td><\/tr><tr><td>Przys\u0142ona<\/td><td>1,24<\/td><\/tr><tr><td>Half angle of view<\/td><td>32,47\u00b0<\/td><\/tr><tr><td>Image height<\/td><td>21,64 mm<\/td><\/tr><tr><td>Ca\u0142kowita d\u0142ugo\u015b\u0107 obiektywu<\/td><td>154,96 mm<\/td><\/tr><tr><td>BF<\/td><td>17,05 mm<\/td><\/tr><tr><td>Silnik autofokusa<\/td><td>USM<\/td><\/tr><\/tbody><\/table><\/figure>\n\n\n\n<p><strong>Czy wymieni\u0119 nerk\u0119 i swoj\u0105 trzydziestk\u0119 pi\u0105tk\u0119 na RF 35 mm f\/1.2L USM? Zdecydowanie nie.<\/strong> Bardziej jaraj\u0105 mnie inne elki \u2013 24-70 z przys\u0142on\u0105 f\/2.8 czy 70-20 z t\u0105 sam\u0105 przys\u0142on\u0105. Czekam jednak na premier\u0119 i mam nadziej\u0119, \u017ce uda si\u0119 sprz\u0119t przetestowa\u0107 i por\u00f3wna\u0107 z seryjn\u0105 trzydziestk\u0105 pi\u0105tk\u0105.<\/p>\n","protected":false},"excerpt":{"rendered":"<div class=\"nofuss_excerpt\"><p>W ofercie brakowa\u0142o dot\u0105d podstawowej ogniskowej 35 mm w wersji L. Teraz ma si\u0119 to zmieni\u0107.<\/p>\n<\/div>","protected":false},"author":2,"featured_media":6814,"comment_status":"open","ping_status":"open","sticky":false,"template":"","format":"standard","meta":{"_acf_changed":false,"footnotes":""},"categories":[1],"tags":[83,101,102],"class_list":["post-6813","post","type-post","status-publish","format-standard","has-post-thumbnail","hentry","category-aktualnosci","tag-canon","tag-canon-rf-35mm-f-1-2l-usm","tag-rf-35mm-1-2"],"acf":[],"_links":{"self":[{"href":"https:\/\/dailyweb.pl\/stalka\/wp-json\/wp\/v2\/posts\/6813","targetHints":{"allow":["GET"]}}],"collection":[{"href":"https:\/\/dailyweb.pl\/stalka\/wp-json\/wp\/v2\/posts"}],"about":[{"href":"https:\/\/dailyweb.pl\/stalka\/wp-json\/wp\/v2\/types\/post"}],"author":[{"embeddable":true,"href":"https:\/\/dailyweb.pl\/stalka\/wp-json\/wp\/v2\/users\/2"}],"replies":[{"embeddable":true,"href":"https:\/\/dailyweb.pl\/stalka\/wp-json\/wp\/v2\/comments?post=6813"}],"version-history":[{"count":2,"href":"https:\/\/dailyweb.pl\/stalka\/wp-json\/wp\/v2\/posts\/6813\/revisions"}],"predecessor-version":[{"id":6868,"href":"https:\/\/dailyweb.pl\/stalka\/wp-json\/wp\/v2\/posts\/6813\/revisions\/6868"}],"wp:featuredmedia":[{"embeddable":true,"href":"https:\/\/dailyweb.pl\/stalka\/wp-json\/wp\/v2\/media\/6814"}],"wp:attachment":[{"href":"https:\/\/dailyweb.pl\/stalka\/wp-json\/wp\/v2\/media?parent=6813"}],"wp:term":[{"taxonomy":"category","embeddable":true,"href":"https:\/\/dailyweb.pl\/stalka\/wp-json\/wp\/v2\/categories?post=6813"},{"taxonomy":"post_tag","embeddable":true,"href":"https:\/\/dailyweb.pl\/stalka\/wp-json\/wp\/v2\/tags?post=6813"}],"curies":[{"name":"wp","href":"https:\/\/api.w.org\/{rel}","templated":true}]}}