{"id":32136,"date":"2026-04-28T11:39:23","date_gmt":"2026-04-28T09:39:23","guid":{"rendered":"https:\/\/dailyweb.pl\/stalka\/?p=32136"},"modified":"2026-04-28T11:39:24","modified_gmt":"2026-04-28T09:39:24","slug":"sony-fe-100-400mm-f-4-5-gm-pojawia-sie-na-pierwszym-zdjeciu","status":"publish","type":"post","link":"https:\/\/dailyweb.pl\/stalka\/sony-fe-100-400mm-f-4-5-gm-pojawia-sie-na-pierwszym-zdjeciu\/","title":{"rendered":"Sony FE 100-400mm f\/4.5 GM pojawia si\u0119 na pierwszym zdj\u0119ciu"},"content":{"rendered":"\n<p>W dzisiejszym cyfrowym \u015bwiecie bardzo trudno jest firmom utrzyma\u0107\u00a0nowe produkty w tajemnicy. Bardzo cz\u0119sto trzeba je bowiem testowa\u0107 <em>na zewn\u0105trz<\/em>, a tam cz\u0119sto a\u017c roi si\u0119 od ciekawskich, ich spojrze\u0144 i smartfon\u00f3w, kt\u00f3re mog\u0105 niepostrze\u017cenie zrobi\u0107 zdj\u0119cie i wys\u0142a\u0107 je do sieci.<\/p>\n\n\n\n<h2 class=\"wp-block-heading\">Sony FE 100-400mm f\/4.5 GM zadebiutuje wkr\u00f3tce<\/h2>\n\n\n\n<figure class=\"wp-block-image size-large\"><img fetchpriority=\"high\" decoding=\"async\" width=\"1024\" height=\"739\" src=\"https:\/\/dailyweb.pl\/stalka\/wp-content\/uploads\/2026\/04\/Sony-FE-100-400mm-f4.5-GM-1024x739.jpg\" alt=\"\" class=\"wp-image-32137\" title=\"\" srcset=\"https:\/\/dailyweb.pl\/stalka\/wp-content\/uploads\/2026\/04\/Sony-FE-100-400mm-f4.5-GM-1024x739.jpg 1024w, https:\/\/dailyweb.pl\/stalka\/wp-content\/uploads\/2026\/04\/Sony-FE-100-400mm-f4.5-GM-300x217.jpg 300w, https:\/\/dailyweb.pl\/stalka\/wp-content\/uploads\/2026\/04\/Sony-FE-100-400mm-f4.5-GM-768x555.jpg 768w, https:\/\/dailyweb.pl\/stalka\/wp-content\/uploads\/2026\/04\/Sony-FE-100-400mm-f4.5-GM-762x550.jpg 762w, https:\/\/dailyweb.pl\/stalka\/wp-content\/uploads\/2026\/04\/Sony-FE-100-400mm-f4.5-GM.jpg 1263w\" sizes=\"(max-width: 1024px) 100vw, 1024px\" \/><\/figure>\n\n\n\n<p>Takie w\u0142a\u015bnie <em>szpiegowskie<\/em> zdj\u0119cie uda\u0142o si\u0119 zrobi\u0107 nadchodz\u0105cemu obiektywowi Sony FE 100-400mm f\/4.5 GM. Przy okazji rozwiano jedn\u0105 z w\u0105tpliwo\u015bci, gdy\u017c do tej pory m\u00f3wi\u0142o si\u0119, w kontek\u015bcie tego obiektywu, o \u015bwiat\u0142osile f\/4. Rzeczywisto\u015b\u0107 okaza\u0142a si\u0119 zgo\u0142a odmienna i obiektyw b\u0119dzie ostatecznie nieco ciemniejszy.<\/p>\n\n\n\n<p>Z opublikowanego przez serwis Photo Rumors zdj\u0119cia mo\u017cemy wywnioskowa\u0107, \u017ce opisywany obiektyw b\u0119dzie, jak przysta\u0142o na teleobiektywy, pomalowany na bia\u0142o, b\u0119dzie mia\u0142 wewn\u0119trzne ogniskowanie, a jego d\u0142ugo\u015b\u0107 ma by\u0107 podobna do tej w FE 200-600 mm G, kt\u00f3ry ma nieca\u0142e 320 milimetr\u00f3w. <\/p>\n\n\n\n<figure class=\"wp-block-embed is-type-wp-embed is-provider-sta-ka-pl wp-block-embed-sta-ka-pl\"><div class=\"wp-block-embed__wrapper\">\n<blockquote class=\"wp-embedded-content\" data-secret=\"zwRmsSkptC\"><a href=\"https:\/\/dailyweb.pl\/stalka\/sony-a7r-vi-pojawi-sie-juz-w-maju-beda-tez-obiektywy\/\">Sony A7r VI pojawi si\u0119 ju\u017c w maju! B\u0119d\u0105 te\u017c obiektywy<\/a><\/blockquote><iframe class=\"wp-embedded-content\" sandbox=\"allow-scripts\" security=\"restricted\" style=\"position: absolute; visibility: hidden;\" title=\"&#8222;Sony A7r VI pojawi si\u0119 ju\u017c w maju! B\u0119d\u0105 te\u017c obiektywy&#8221; &#8212; sta\u0142ka.pl\" src=\"https:\/\/dailyweb.pl\/stalka\/sony-a7r-vi-pojawi-sie-juz-w-maju-beda-tez-obiektywy\/embed\/#?secret=KPxy0p2DOE#?secret=zwRmsSkptC\" data-secret=\"zwRmsSkptC\" width=\"600\" height=\"338\" frameborder=\"0\" marginwidth=\"0\" marginheight=\"0\" scrolling=\"no\"><\/iframe>\n<\/div><\/figure>\n\n\n\n<p>Nadchodz\u0105cy obiektyw ma by\u0107 jednym z czterech, kt\u00f3re w tym roku poka\u017ce Sony. Wed\u0142ug \u017ar\u00f3de\u0142 jego cena ma oscylowa\u0107 wok\u00f3\u0142 tej, z kt\u00f3r\u0105 sprzedawany jest <a href=\"https:\/\/dailyweb.pl\/stalka\/obiektyw-roku-pierwsze-wrazenia-z-testowania-sony-fe-50-150-mm-f2-gm\/\">Sony FE 50-150mm GM<\/a>, czyli oko\u0142o 20 000 z\u0142otych. Premiera ma nast\u0105pi\u0107 ju\u017c w maju \u2013\u00a0by\u0107 mo\u017ce wraz z <a href=\"https:\/\/dailyweb.pl\/stalka\/sony-a7r-vi-pojawi-sie-juz-w-maju-beda-tez-obiektywy\/\">zapowiadanym od d\u0142u\u017cszego czasu Sony a7R VI.<\/a><\/p>\n\n\n\n<div class=\"wp-block-group\"><div class=\"wp-block-group__inner-container is-layout-constrained wp-block-group-is-layout-constrained\">\n<h3 class=\"wp-block-heading\">\u015aled\u017a nas na TikToku<\/h3>\n\n\n\n<figure class=\"wp-block-embed is-type-rich is-provider-tiktok wp-block-embed-tiktok\"><div class=\"wp-block-embed__wrapper\">\n<blockquote class=\"tiktok-embed\" cite=\"https:\/\/www.tiktok.com\/@stalkapl\" data-unique-id=\"stalkapl\" data-embed-from=\"oembed\" data-embed-type=\"creator\" style=\"max-width:780px; min-width:288px;\"> <section> <a target=\"_blank\" href=\"https:\/\/www.tiktok.com\/@stalkapl?refer=creator_embed\" rel=\"nofollow noopener\">@stalkapl<\/a> <\/section> <\/blockquote> <script async src=\"https:\/\/www.tiktok.com\/embed.js\"><\/script>\n<\/div><\/figure>\n<\/div><\/div>\n","protected":false},"excerpt":{"rendered":"<div class=\"nofuss_excerpt\"><p>Jest zmiana.<\/p>\n<\/div>","protected":false},"author":2,"featured_media":16183,"comment_status":"open","ping_status":"open","sticky":false,"template":"","format":"standard","meta":{"_acf_changed":false,"footnotes":""},"categories":[1],"tags":[107,1208,1239],"class_list":["post-32136","post","type-post","status-publish","format-standard","has-post-thumbnail","hentry","category-aktualnosci","tag-sony","tag-sony-fe","tag-sony-fe-100-400mm-f-4-5-gm"],"acf":[],"_links":{"self":[{"href":"https:\/\/dailyweb.pl\/stalka\/wp-json\/wp\/v2\/posts\/32136","targetHints":{"allow":["GET"]}}],"collection":[{"href":"https:\/\/dailyweb.pl\/stalka\/wp-json\/wp\/v2\/posts"}],"about":[{"href":"https:\/\/dailyweb.pl\/stalka\/wp-json\/wp\/v2\/types\/post"}],"author":[{"embeddable":true,"href":"https:\/\/dailyweb.pl\/stalka\/wp-json\/wp\/v2\/users\/2"}],"replies":[{"embeddable":true,"href":"https:\/\/dailyweb.pl\/stalka\/wp-json\/wp\/v2\/comments?post=32136"}],"version-history":[{"count":6,"href":"https:\/\/dailyweb.pl\/stalka\/wp-json\/wp\/v2\/posts\/32136\/revisions"}],"predecessor-version":[{"id":32143,"href":"https:\/\/dailyweb.pl\/stalka\/wp-json\/wp\/v2\/posts\/32136\/revisions\/32143"}],"wp:featuredmedia":[{"embeddable":true,"href":"https:\/\/dailyweb.pl\/stalka\/wp-json\/wp\/v2\/media\/16183"}],"wp:attachment":[{"href":"https:\/\/dailyweb.pl\/stalka\/wp-json\/wp\/v2\/media?parent=32136"}],"wp:term":[{"taxonomy":"category","embeddable":true,"href":"https:\/\/dailyweb.pl\/stalka\/wp-json\/wp\/v2\/categories?post=32136"},{"taxonomy":"post_tag","embeddable":true,"href":"https:\/\/dailyweb.pl\/stalka\/wp-json\/wp\/v2\/tags?post=32136"}],"curies":[{"name":"wp","href":"https:\/\/api.w.org\/{rel}","templated":true}]}}