{"id":32121,"date":"2026-04-27T22:50:32","date_gmt":"2026-04-27T20:50:32","guid":{"rendered":"https:\/\/dailyweb.pl\/stalka\/?p=32121"},"modified":"2026-04-27T22:50:34","modified_gmt":"2026-04-27T20:50:34","slug":"insta360-luna-nadchodzi-nowe-przecieki-i-specyfikacja","status":"publish","type":"post","link":"https:\/\/dailyweb.pl\/stalka\/insta360-luna-nadchodzi-nowe-przecieki-i-specyfikacja\/","title":{"rendered":"Insta360 Luna nadchodzi \u2013 nowe przecieki i specyfikacja"},"content":{"rendered":"\n<p>Zebrali\u015bmy najnowsze przecieki i plotki dotycz\u0105ce nadchodz\u0105cej serii kamer Insta360 Luna, kt\u00f3ra ma by\u0107 now\u0105 lini\u0105 kompaktowych kamer z gimbalem, konkuruj\u0105c\u0105 m.in. z DJI Osmo Pocket.<\/p>\n\n\n\n<h2 class=\"wp-block-heading\">Insta360 Luna: przecieki o kamerze z 1\u2033 sensorem i optyk\u0105 Leica<\/h2>\n\n\n\n<figure class=\"wp-block-embed is-type-video is-provider-youtube wp-block-embed-youtube wp-embed-aspect-16-9 wp-has-aspect-ratio\"><div class=\"wp-block-embed__wrapper\">\n<iframe title=\"Insta360 Luna Ultra Sample Footage\" width=\"1778\" height=\"1000\" src=\"https:\/\/www.youtube.com\/embed\/gW2LFMZmEDg?feature=oembed\" frameborder=\"0\" allow=\"accelerometer; autoplay; clipboard-write; encrypted-media; gyroscope; picture-in-picture; web-share\" referrerpolicy=\"strict-origin-when-cross-origin\" allowfullscreen><\/iframe>\n<\/div><\/figure>\n\n\n\n<p>Tak naprawd\u0119 bardzo du\u017co informacji na temat nadchodz\u0105cej kamery, a w\u0142a\u015bciwie linii kamer, bo na pocz\u0105tek maj\u0105 zadebiutowa\u0107 dwie, wiemy po targach NAB, na kt\u00f3rych og\u0142oszono partnerstwo z Leica. Ameryka\u0144skie wydarzenie zosta\u0142o przez firm\u0119 skomentowane w nast\u0119puj\u0105cy spos\u00f3b:<\/p>\n\n\n\n<blockquote class=\"wp-block-quote is-layout-flow wp-block-quote-is-layout-flow\">\n<p class=\"has-medium-font-size\">Przedstawiciele medi\u00f3w i uczestnicy targ\u00f3w NAB byli jednymi z pierwszych na \u015bwiecie, kt\u00f3rzy mieli okazj\u0119 zapozna\u0107 si\u0119 z nadchodz\u0105c\u0105 seri\u0105 Insta360 Luna, stworzon\u0105 we wsp\u00f3\u0142pracy z firm\u0105 Leica, w sk\u0142ad kt\u00f3rej wchodz\u0105 modele Luna Pro i Luna Ultra. Seria ta charakteryzuje si\u0119 du\u017c\u0105, 1-calow\u0105 matryc\u0105, jasn\u0105 przys\u0142on\u0105 F1.8, zmienn\u0105 ogniskow\u0105 oraz obs\u0142ug\u0105 10-bitowej g\u0142\u0119bi kolor\u00f3w, co zapewnia p\u0142ynniejsze i bardziej naturalne przej\u015bcia \u015bwiat\u0142a i cienia, a tak\u017ce pozwala uchwyci\u0107 bardziej niuanse i detale kolor\u00f3w bezpo\u015brednio z aparatu. Luna Pro charakteryzuje si\u0119 konstrukcj\u0105 z jednym obiektywem, a Luna Ultra \u2013 z dwoma obiektywami i ulepszon\u0105 wydajno\u015bci\u0105 teleobiektywu. Zar\u00f3wno Luna Ultra, jak i Luna Pro by\u0142y prezentowane na stoisku i b\u0119d\u0105 dost\u0119pne w dw\u00f3ch r\u00f3\u017cnych wersjach kolorystycznych.<\/p>\n<\/blockquote>\n\n\n\n<p>Z samego komunikatu, nawet bez czytania przekaz\u00f3w z USA, wiemy \u017ce Luna b\u0119dzie nazw\u0105 linii i w jej ramach pojawi\u0105 si\u0119 na pocz\u0105tku dwie kamery \u2013 Luna Pro i Luna Ultra. Obie charakteryzowa\u0107 si\u0119 maj\u0105 1-calow\u0105 matryc\u0105, 10-bitow\u0105 g\u0142\u0119bi\u0105 kolor\u00f3w oraz obiektywem z jasn\u0105 przys\u0142on\u0105 F1.8. Optyka, tak\u017ce pod wzgl\u0119dem kolor\u00f3w, ma by\u0107 opracowywana wsp\u00f3lnie z firm\u0105 Leica. Wersja Ultra charakteryzowa\u0107 ma si\u0119 dodatkowym teleobiektywem, dodanym do szerokok\u0105tnego, kt\u00f3ry pojawi si\u0119 w podstawowym modelu o nazwie Pro. <\/p>\n\n\n\n<p>Z przeciek\u00f3w wiemy natomiast, \u017ce teleobiektyw w Luna Ultra ma mie\u0107 przys\u0142on\u0119 f\/2,8 i by\u0107 sprz\u0119\u017cony z 1\/1,3 calow\u0105 matryc\u0105. Obiektyw ma dawa\u0107 ekwiwalent ogniskowej ~70 mm. Plotki m\u00f3wi\u0105 r\u00f3wnie\u017c o obs\u0142udze rozdzielczo\u015bci 4K w slo-mo do 240 kl.\/s i Dolby Vision HDR. R\u00f3wnie\u017c z przeciek\u00f3w dowiadujemy si\u0119 o\u00a014 stopniach zakresu dynamicznego i baterii o pojemno\u015bci oko\u0142o 1550 mAh. <\/p>\n\n\n\n<figure class=\"wp-block-embed is-type-wp-embed is-provider-sta-ka-pl wp-block-embed-sta-ka-pl\"><div class=\"wp-block-embed__wrapper\">\n<blockquote class=\"wp-embedded-content\" data-secret=\"VK9zW9lCo9\"><a href=\"https:\/\/dailyweb.pl\/stalka\/dji-osmo-pocket-4-nowa-wersja-popularnej-kamery-juz-jest\/\">DJI Osmo Pocket 4 \u2013 nowa wersja popularnej kamery ju\u017c jest<\/a><\/blockquote><iframe class=\"wp-embedded-content\" sandbox=\"allow-scripts\" security=\"restricted\" style=\"position: absolute; visibility: hidden;\" title=\"&#8222;DJI Osmo Pocket 4 \u2013 nowa wersja popularnej kamery ju\u017c jest&#8221; &#8212; sta\u0142ka.pl\" src=\"https:\/\/dailyweb.pl\/stalka\/dji-osmo-pocket-4-nowa-wersja-popularnej-kamery-juz-jest\/embed\/#?secret=WXPBzuEkTq#?secret=VK9zW9lCo9\" data-secret=\"VK9zW9lCo9\" width=\"600\" height=\"338\" frameborder=\"0\" marginwidth=\"0\" marginheight=\"0\" scrolling=\"no\"><\/iframe>\n<\/div><\/figure>\n\n\n\n<p>Nawet je\u017celi nie potwierdz\u0105 si\u0119 wszystkie plotki i przecieki, to powinni\u015bmy dosta\u0107 bardzo ciekawy sprz\u0119t i realnego konkurenta DJI Osmo Pocket 4 i jego nadchodz\u0105cej wersji Pro. Jestem przekonany, \u017ce rywalizacja mi\u0119dzy DJI a Insta360 b\u0119dzie tylko silniejsza, co jest dla nas, konsument\u00f3w, dobr\u0105 nowin\u0105. Czekam z niecierpliwo\u015bci\u0105 na Lun\u0119 czy w\u0142a\u015bciwie Luny i na to czym jeszcze zaskoczy Insta360.<\/p>\n\n\n\n<div class=\"wp-block-group\"><div class=\"wp-block-group__inner-container is-layout-constrained wp-block-group-is-layout-constrained\">\n<h3 class=\"wp-block-heading\">\u015aled\u017a nas na TikToku<\/h3>\n\n\n\n<figure class=\"wp-block-embed is-type-rich is-provider-tiktok wp-block-embed-tiktok\"><div class=\"wp-block-embed__wrapper\">\n<blockquote class=\"tiktok-embed\" cite=\"https:\/\/www.tiktok.com\/@stalkapl\" data-unique-id=\"stalkapl\" data-embed-from=\"oembed\" data-embed-type=\"creator\" style=\"max-width:780px; min-width:288px;\"> <section> <a target=\"_blank\" href=\"https:\/\/www.tiktok.com\/@stalkapl?refer=creator_embed\" rel=\"nofollow noopener\">@stalkapl<\/a> <\/section> <\/blockquote> <script async src=\"https:\/\/www.tiktok.com\/embed.js\"><\/script>\n<\/div><\/figure>\n<\/div><\/div>\n","protected":false},"excerpt":{"rendered":"<div class=\"nofuss_excerpt\"><p>Podsumowujemy przecieki o kamerze od Insta360.<\/p>\n<\/div>","protected":false},"author":2,"featured_media":32128,"comment_status":"open","ping_status":"open","sticky":false,"template":"","format":"standard","meta":{"_acf_changed":false,"footnotes":""},"categories":[1,690],"tags":[714,1145,1237,1238,136],"class_list":["post-32121","post","type-post","status-publish","format-standard","has-post-thumbnail","hentry","category-aktualnosci","category-kamerowanie","tag-insta360","tag-insta360-luna","tag-insta360-luna-pro","tag-insta360-luna-ultra","tag-leica"],"acf":[],"_links":{"self":[{"href":"https:\/\/dailyweb.pl\/stalka\/wp-json\/wp\/v2\/posts\/32121","targetHints":{"allow":["GET"]}}],"collection":[{"href":"https:\/\/dailyweb.pl\/stalka\/wp-json\/wp\/v2\/posts"}],"about":[{"href":"https:\/\/dailyweb.pl\/stalka\/wp-json\/wp\/v2\/types\/post"}],"author":[{"embeddable":true,"href":"https:\/\/dailyweb.pl\/stalka\/wp-json\/wp\/v2\/users\/2"}],"replies":[{"embeddable":true,"href":"https:\/\/dailyweb.pl\/stalka\/wp-json\/wp\/v2\/comments?post=32121"}],"version-history":[{"count":13,"href":"https:\/\/dailyweb.pl\/stalka\/wp-json\/wp\/v2\/posts\/32121\/revisions"}],"predecessor-version":[{"id":32135,"href":"https:\/\/dailyweb.pl\/stalka\/wp-json\/wp\/v2\/posts\/32121\/revisions\/32135"}],"wp:featuredmedia":[{"embeddable":true,"href":"https:\/\/dailyweb.pl\/stalka\/wp-json\/wp\/v2\/media\/32128"}],"wp:attachment":[{"href":"https:\/\/dailyweb.pl\/stalka\/wp-json\/wp\/v2\/media?parent=32121"}],"wp:term":[{"taxonomy":"category","embeddable":true,"href":"https:\/\/dailyweb.pl\/stalka\/wp-json\/wp\/v2\/categories?post=32121"},{"taxonomy":"post_tag","embeddable":true,"href":"https:\/\/dailyweb.pl\/stalka\/wp-json\/wp\/v2\/tags?post=32121"}],"curies":[{"name":"wp","href":"https:\/\/api.w.org\/{rel}","templated":true}]}}