{"id":29550,"date":"2025-12-19T12:37:03","date_gmt":"2025-12-19T11:37:03","guid":{"rendered":"https:\/\/dailyweb.pl\/stalka\/?p=29550"},"modified":"2025-12-19T12:37:05","modified_gmt":"2025-12-19T11:37:05","slug":"viltrox-juz-wkrotce-pokaze-obiektywy-na-bagnet-canon-rf-jest-nadzieja","status":"publish","type":"post","link":"https:\/\/dailyweb.pl\/stalka\/viltrox-juz-wkrotce-pokaze-obiektywy-na-bagnet-canon-rf-jest-nadzieja\/","title":{"rendered":"Viltrox ju\u017c wkr\u00f3tce poka\u017ce obiektywy na bagnet Canon RF? Jest nadzieja!"},"content":{"rendered":"\n<p>Dawno nie by\u0142o plotek o nowych producentach obiektyw\u00f3w na bagnet RF, wi\u0119c czas pos\u0142ucha\u0107, co w trawie piszczy. A piszczy o mo\u017cliwym pojawieniu si\u0119 na rynku obiektyw\u00f3w Viltroxa na bagnety RF.<\/p>\n\n\n\n<h2 class=\"wp-block-heading\">Obiektywy Viltrox na bagnet RF bli\u017cej?<\/h2>\n\n\n\n<figure class=\"wp-block-image size-large\"><img fetchpriority=\"high\" decoding=\"async\" width=\"1024\" height=\"1024\" src=\"https:\/\/dailyweb.pl\/stalka\/wp-content\/uploads\/2025\/04\/Viltrox-35mm-f1.2-LAB-lens-6-1024x1024.webp\" alt=\"\" class=\"wp-image-19517\" title=\"\" srcset=\"https:\/\/dailyweb.pl\/stalka\/wp-content\/uploads\/2025\/04\/Viltrox-35mm-f1.2-LAB-lens-6-1024x1024.webp 1024w, https:\/\/dailyweb.pl\/stalka\/wp-content\/uploads\/2025\/04\/Viltrox-35mm-f1.2-LAB-lens-6-300x300.webp 300w, https:\/\/dailyweb.pl\/stalka\/wp-content\/uploads\/2025\/04\/Viltrox-35mm-f1.2-LAB-lens-6-150x150.webp 150w, https:\/\/dailyweb.pl\/stalka\/wp-content\/uploads\/2025\/04\/Viltrox-35mm-f1.2-LAB-lens-6-768x768.webp 768w, https:\/\/dailyweb.pl\/stalka\/wp-content\/uploads\/2025\/04\/Viltrox-35mm-f1.2-LAB-lens-6-80x80.webp 80w, https:\/\/dailyweb.pl\/stalka\/wp-content\/uploads\/2025\/04\/Viltrox-35mm-f1.2-LAB-lens-6.webp 1200w\" sizes=\"(max-width: 1024px) 100vw, 1024px\" \/><figcaption class=\"wp-element-caption\">Viltrox AF 35 mm F1.2 LAB to obiektyw, kt\u00f3ry zamontowa\u0142bym na swojego Canona<\/figcaption><\/figure>\n\n\n\n<p>Viltrox ma za sob\u0105 pracowite miesi\u0105ce. Firma pokaza\u0142a mi\u0119dzy innymi zupe\u0142nie now\u0105 lini\u0119 EVO, kt\u00f3ra trafi\u0142a najpierw na bagnet od Sony, a <a href=\"https:\/\/dailyweb.pl\/stalka\/viltrox-rozszerza-oferte-seria-evo-trafia-na-mocowanie-nikon-z\/\" target=\"_blank\" rel=\"noreferrer noopener\">potem na Nikony<\/a>. Viltrox we wrze\u015bniu og\u0142osi\u0142 tak\u017ce do\u0142\u0105czenie do L-Mount Alliance i pierwszy obiektyw w\u0142a\u015bnie z mocowaniem L. Do kolekcji skalp\u00f3w brakuje tylko Canona i jego bagnetu RF. Czy jest w og\u00f3le szansa na Viltroxy z bagnetem od Canona?<\/p>\n\n\n\n<p>Serwis Canon Addict twierdzi, \u017ce tak, a fakt pracy nad obiektywami maj\u0105 potiwerdza\u0107 liczne wiadomo\u015bci w chi\u0144skim serwisie spo\u0142eczno\u015bciowym Weibo, kt\u00f3ry ju\u017c wiele razy dostarcza\u0142 nam wyciek\u00f3w i plotek, kt\u00f3re okazywa\u0142y si\u0119 p\u00f3\u017aniej prawd\u0105. Redaktorzy serwisu Photo Rumors poszli krok dalej, kontaktuj\u0105c si\u0119 w tej sprawie bezpo\u015brednio z Viltroxem. Firma na pytanie o obiektywy dla mocowania Canona mia\u0142a pono\u0107 odpowiedzie\u0107, \u017ce <em>niedawno oficjalnie wprowadzili na rynek nowe obiektywy anamorficzne 1,33x z mocowaniem Canon RF, posiadaj\u0105ce autoryzacj\u0119, a licencje na inne obiektywy z mocowaniem RF nie zosta\u0142y jeszcze oficjalnie zatwierdzone, ale firma wci\u0105\u017c nad tym pracuje.<\/em><\/p>\n\n\n\n<figure class=\"wp-block-embed is-type-wp-embed is-provider-sta-ka-pl wp-block-embed-sta-ka-pl\"><div class=\"wp-block-embed__wrapper\">\n<blockquote class=\"wp-embedded-content\" data-secret=\"UNNJ2l33NZ\"><a href=\"https:\/\/dailyweb.pl\/stalka\/viltrox-nie-stworzy-aparatu\/\">Viltrox nie stworzy aparatu<\/a><\/blockquote><iframe class=\"wp-embedded-content\" sandbox=\"allow-scripts\" security=\"restricted\" style=\"position: absolute; visibility: hidden;\" title=\"&#8222;Viltrox nie stworzy aparatu&#8221; &#8212; sta\u0142ka.pl\" src=\"https:\/\/dailyweb.pl\/stalka\/viltrox-nie-stworzy-aparatu\/embed\/#?secret=WSZq9mtprp#?secret=UNNJ2l33NZ\" data-secret=\"UNNJ2l33NZ\" width=\"600\" height=\"338\" frameborder=\"0\" marginwidth=\"0\" marginheight=\"0\" scrolling=\"no\"><\/iframe>\n<\/div><\/figure>\n\n\n\n<p>Je\u017celi rzeczywi\u015bcie Viltroxowi uda si\u0119 uzyska\u0107 licencj\u0119 na bagnet RF, to jak w przypadku Sigmy czy innych producent\u00f3w, raczej rozpocznie si\u0119 od adaptacji <a href=\"https:\/\/dailyweb.pl\/stalka\/viltrox-zapowiada-nowe-szkla-z-serii-air-pelnoklatkowe-14mm-i-9mm-dla-aps-c\/\" target=\"_blank\" rel=\"noreferrer noopener\">serii Air dla APS-C<\/a>. Cho\u0107 dla mnie oferta obiektyw\u00f3w na bagnet RF jest wystarczaj\u0105ca, to nie ukrywam, \u017ce takiego Viltroxa AF 35 mm F1.2 LAB zamontowa\u0142bym na swojego Canona. A Wy co s\u0105dzicie o obiektywach Viltroxa na bagnet RF? Doczekamy si\u0119?<\/p>\n","protected":false},"excerpt":{"rendered":"<div class=\"nofuss_excerpt\"><p>Co\u015b jest na rzeczy na linii Viltrox \u2013\u00a0Canon.<\/p>\n<\/div>","protected":false},"author":2,"featured_media":22797,"comment_status":"open","ping_status":"open","sticky":false,"template":"","format":"standard","meta":{"_acf_changed":false,"footnotes":""},"categories":[1],"tags":[199,144],"class_list":["post-29550","post","type-post","status-publish","format-standard","has-post-thumbnail","hentry","category-aktualnosci","tag-canon-rf","tag-viltrox"],"acf":[],"_links":{"self":[{"href":"https:\/\/dailyweb.pl\/stalka\/wp-json\/wp\/v2\/posts\/29550","targetHints":{"allow":["GET"]}}],"collection":[{"href":"https:\/\/dailyweb.pl\/stalka\/wp-json\/wp\/v2\/posts"}],"about":[{"href":"https:\/\/dailyweb.pl\/stalka\/wp-json\/wp\/v2\/types\/post"}],"author":[{"embeddable":true,"href":"https:\/\/dailyweb.pl\/stalka\/wp-json\/wp\/v2\/users\/2"}],"replies":[{"embeddable":true,"href":"https:\/\/dailyweb.pl\/stalka\/wp-json\/wp\/v2\/comments?post=29550"}],"version-history":[{"count":8,"href":"https:\/\/dailyweb.pl\/stalka\/wp-json\/wp\/v2\/posts\/29550\/revisions"}],"predecessor-version":[{"id":29565,"href":"https:\/\/dailyweb.pl\/stalka\/wp-json\/wp\/v2\/posts\/29550\/revisions\/29565"}],"wp:featuredmedia":[{"embeddable":true,"href":"https:\/\/dailyweb.pl\/stalka\/wp-json\/wp\/v2\/media\/22797"}],"wp:attachment":[{"href":"https:\/\/dailyweb.pl\/stalka\/wp-json\/wp\/v2\/media?parent=29550"}],"wp:term":[{"taxonomy":"category","embeddable":true,"href":"https:\/\/dailyweb.pl\/stalka\/wp-json\/wp\/v2\/categories?post=29550"},{"taxonomy":"post_tag","embeddable":true,"href":"https:\/\/dailyweb.pl\/stalka\/wp-json\/wp\/v2\/tags?post=29550"}],"curies":[{"name":"wp","href":"https:\/\/api.w.org\/{rel}","templated":true}]}}