{"id":29529,"date":"2025-12-18T16:34:35","date_gmt":"2025-12-18T15:34:35","guid":{"rendered":"https:\/\/dailyweb.pl\/stalka\/?p=29529"},"modified":"2025-12-18T16:34:36","modified_gmt":"2025-12-18T15:34:36","slug":"canon-i-sony-znow-zdominowaly-rynek-wynajmu","status":"publish","type":"post","link":"https:\/\/dailyweb.pl\/stalka\/canon-i-sony-znow-zdominowaly-rynek-wynajmu\/","title":{"rendered":"Canon i Sony zn\u00f3w zdominowa\u0142y rynek wynajmu"},"content":{"rendered":"\n<p>Lensrentals \u2013 ameryka\u0144ska wypo\u017cyczalnia sprz\u0119tu foto\/video, o kt\u00f3rej pisali\u015bmy chocia\u017cby, gdy <a href=\"https:\/\/dailyweb.pl\/stalka\/aparaty-na-wynajem-canon-zdeklasowal-konkurencje\/\" target=\"_blank\" rel=\"noreferrer noopener\">podsumowywa\u0142a 19 lat swojej dzia\u0142alno\u015bci<\/a>, opublikowa\u0142a raport podsumowuj\u0105cy bie\u017c\u0105cy rok. Dostarczy\u0142 nam on mn\u00f3stwo ciekawych danych. <\/p>\n\n\n\n<h2 class=\"wp-block-heading\">Najpopularniejsze aparaty na wynajem w 2025<\/h2>\n\n\n\n<figure class=\"wp-block-image size-large\"><img fetchpriority=\"high\" decoding=\"async\" width=\"1024\" height=\"435\" src=\"https:\/\/dailyweb.pl\/stalka\/wp-content\/uploads\/2025\/12\/aparaty-1024x435.png\" alt=\"\" class=\"wp-image-29534\" title=\"\" srcset=\"https:\/\/dailyweb.pl\/stalka\/wp-content\/uploads\/2025\/12\/aparaty-1024x435.png 1024w, https:\/\/dailyweb.pl\/stalka\/wp-content\/uploads\/2025\/12\/aparaty-300x128.png 300w, https:\/\/dailyweb.pl\/stalka\/wp-content\/uploads\/2025\/12\/aparaty-768x326.png 768w, https:\/\/dailyweb.pl\/stalka\/wp-content\/uploads\/2025\/12\/aparaty.png 1534w\" sizes=\"(max-width: 1024px) 100vw, 1024px\" \/><\/figure>\n\n\n\n<p>W aparatach kr\u00f3luje Canon R6 Mark II, co nie powinno dziwi\u0107, zw\u0142aszcza \u017ce ten model znalaz\u0142 si\u0119 w\u015br\u00f3d 20 najpopularniejszych modeli ostatnich 19 lat, mimo \u017ce przecie\u017c debiutowa\u0142 dopiero w 2022 roku. Na drugim miejscu popularna w\u015br\u00f3d filmowc\u00f3w kamera Sony FX3, a podium zamyka Sony A7 IV. Og\u00f3lnie w\u015br\u00f3d 20 najpopularnieszych aparat\u00f3w i kamer a\u017c 17 to produkty Canona lub Sony. Rodzynkami na li\u015bcie jest zamykaj\u0105ce dziesi\u0105tk\u0119 GoPro Hero 13 Black oraz Dji Osmo Pochet 3 i Nikon Z8, kt\u00f3re mo\u017cna znale\u017a\u0107 na ko\u0144cu listy najpopularniejszych. <\/p>\n\n\n\n<h2 class=\"wp-block-heading\">Najpopularniejsze obiektywy na wynajem w 2025<\/h2>\n\n\n\n<figure class=\"wp-block-image size-large\"><img decoding=\"async\" width=\"1024\" height=\"422\" src=\"https:\/\/dailyweb.pl\/stalka\/wp-content\/uploads\/2025\/12\/obiektywy-1024x422.png\" alt=\"\" class=\"wp-image-29535\" title=\"\" srcset=\"https:\/\/dailyweb.pl\/stalka\/wp-content\/uploads\/2025\/12\/obiektywy-1024x422.png 1024w, https:\/\/dailyweb.pl\/stalka\/wp-content\/uploads\/2025\/12\/obiektywy-300x124.png 300w, https:\/\/dailyweb.pl\/stalka\/wp-content\/uploads\/2025\/12\/obiektywy-768x316.png 768w, https:\/\/dailyweb.pl\/stalka\/wp-content\/uploads\/2025\/12\/obiektywy-1536x633.png 1536w, https:\/\/dailyweb.pl\/stalka\/wp-content\/uploads\/2025\/12\/obiektywy.png 1558w\" sizes=\"(max-width: 1024px) 100vw, 1024px\" \/><\/figure>\n\n\n\n<p>Je\u017celi na li\u015bcie aparat\u00f3w dosz\u0142o do dominacji dw\u00f3ch marek, to w\u015br\u00f3d 20 najpopularniejszych obiektyw\u00f3w dosz\u0142o do prawdziwej deklasacji. Spoza duopolu Canona i Sony, na li\u015bcie znalaz\u0142a si\u0119 tylko Sigma 24-70 f\/2.8 DG DN II Art z mocowaniem&#8230; Sony. Poza ni\u0105 na li\u015bcie jest jedena\u015bcie Canon\u00f3w, z czego 4 na 4 pierwszych miejscach i 8 w pierwszej 10 oraz osiem obiektyw\u00f3w od Sony. <\/p>\n\n\n\n<h2 class=\"wp-block-heading\">Najpopularniejsze akcesoria na wynajem w 2025<\/h2>\n\n\n\n<figure class=\"wp-block-image size-large\"><img decoding=\"async\" width=\"1024\" height=\"431\" src=\"https:\/\/dailyweb.pl\/stalka\/wp-content\/uploads\/2025\/12\/akcesoria-1024x431.png\" alt=\"\" class=\"wp-image-29536\" title=\"\" srcset=\"https:\/\/dailyweb.pl\/stalka\/wp-content\/uploads\/2025\/12\/akcesoria-1024x431.png 1024w, https:\/\/dailyweb.pl\/stalka\/wp-content\/uploads\/2025\/12\/akcesoria-300x126.png 300w, https:\/\/dailyweb.pl\/stalka\/wp-content\/uploads\/2025\/12\/akcesoria-768x323.png 768w, https:\/\/dailyweb.pl\/stalka\/wp-content\/uploads\/2025\/12\/akcesoria-1536x647.png 1536w, https:\/\/dailyweb.pl\/stalka\/wp-content\/uploads\/2025\/12\/akcesoria.png 1710w\" sizes=\"(max-width: 1024px) 100vw, 1024px\" \/><\/figure>\n\n\n\n<p>W\u015br\u00f3d akcesori\u00f3w kr\u00f3luj\u0105 baterie i karty pami\u0119ci. Najpopularniejsza, bez zaskocze\u0144, bateria Sony NP-FZ100, kt\u00f3ra pasuje do kilkunastu aparat\u00f3w od tego producenta. Na li\u015bcie znalaz\u0142 si\u0119 tak\u017ce zamiennik tej baterii od SmallRiga. <\/p>\n\n\n\n<figure class=\"wp-block-embed is-type-wp-embed is-provider-sta-ka-pl wp-block-embed-sta-ka-pl\"><div class=\"wp-block-embed__wrapper\">\n<blockquote class=\"wp-embedded-content\" data-secret=\"nwF6Ws3I55\"><a href=\"https:\/\/dailyweb.pl\/stalka\/canon-r6-mark-iii-krolem-listopada\/\">Canon R6 Mark III\u00a0kr\u00f3lem listopada<\/a><\/blockquote><iframe class=\"wp-embedded-content\" sandbox=\"allow-scripts\" security=\"restricted\" style=\"position: absolute; visibility: hidden;\" title=\"&#8222;Canon R6 Mark III\u00a0kr\u00f3lem listopada&#8221; &#8212; sta\u0142ka.pl\" src=\"https:\/\/dailyweb.pl\/stalka\/canon-r6-mark-iii-krolem-listopada\/embed\/#?secret=il5aUpxCt3#?secret=nwF6Ws3I55\" data-secret=\"nwF6Ws3I55\" width=\"600\" height=\"338\" frameborder=\"0\" marginwidth=\"0\" marginheight=\"0\" scrolling=\"no\"><\/iframe>\n<\/div><\/figure>\n\n\n\n<p>Jak wra\u017cenia z listy od Lensrentals? Co\u015b Was zaskoczy\u0142o? To oczywi\u015bcie wyniki z USA, wi\u0119c nie mo\u017cna ich przek\u0142ada\u0107 1:1 na nasz kontynent czy sam\u0105 Polsk\u0119. By\u0107 mo\u017ce kiedy\u015b kt\u00f3ra\u015b z naszych rodzimych wypo\u017cyczalni zdecyduje si\u0119 na podobny krok i podzielenie si\u0119 statystykami.  <\/p>\n","protected":false},"excerpt":{"rendered":"<div class=\"nofuss_excerpt\"><p>Razem maj\u0105 prawie po\u0142ow\u0119 rynku.<\/p>\n<\/div>","protected":false},"author":2,"featured_media":29540,"comment_status":"open","ping_status":"open","sticky":false,"template":"","format":"standard","meta":{"_acf_changed":false,"footnotes":""},"categories":[1],"tags":[83,1089,107],"class_list":["post-29529","post","type-post","status-publish","format-standard","has-post-thumbnail","hentry","category-aktualnosci","tag-canon","tag-lensrentals","tag-sony"],"acf":[],"_links":{"self":[{"href":"https:\/\/dailyweb.pl\/stalka\/wp-json\/wp\/v2\/posts\/29529","targetHints":{"allow":["GET"]}}],"collection":[{"href":"https:\/\/dailyweb.pl\/stalka\/wp-json\/wp\/v2\/posts"}],"about":[{"href":"https:\/\/dailyweb.pl\/stalka\/wp-json\/wp\/v2\/types\/post"}],"author":[{"embeddable":true,"href":"https:\/\/dailyweb.pl\/stalka\/wp-json\/wp\/v2\/users\/2"}],"replies":[{"embeddable":true,"href":"https:\/\/dailyweb.pl\/stalka\/wp-json\/wp\/v2\/comments?post=29529"}],"version-history":[{"count":11,"href":"https:\/\/dailyweb.pl\/stalka\/wp-json\/wp\/v2\/posts\/29529\/revisions"}],"predecessor-version":[{"id":29549,"href":"https:\/\/dailyweb.pl\/stalka\/wp-json\/wp\/v2\/posts\/29529\/revisions\/29549"}],"wp:featuredmedia":[{"embeddable":true,"href":"https:\/\/dailyweb.pl\/stalka\/wp-json\/wp\/v2\/media\/29540"}],"wp:attachment":[{"href":"https:\/\/dailyweb.pl\/stalka\/wp-json\/wp\/v2\/media?parent=29529"}],"wp:term":[{"taxonomy":"category","embeddable":true,"href":"https:\/\/dailyweb.pl\/stalka\/wp-json\/wp\/v2\/categories?post=29529"},{"taxonomy":"post_tag","embeddable":true,"href":"https:\/\/dailyweb.pl\/stalka\/wp-json\/wp\/v2\/tags?post=29529"}],"curies":[{"name":"wp","href":"https:\/\/api.w.org\/{rel}","templated":true}]}}