{"id":29095,"date":"2025-11-25T14:43:53","date_gmt":"2025-11-25T13:43:53","guid":{"rendered":"https:\/\/dailyweb.pl\/stalka\/?p=29095"},"modified":"2025-11-25T14:43:55","modified_gmt":"2025-11-25T13:43:55","slug":"black-week-harman-phoenix-ii-200-za-41-pln","status":"publish","type":"post","link":"https:\/\/dailyweb.pl\/stalka\/black-week-harman-phoenix-ii-200-za-41-pln\/","title":{"rendered":"Black Week: Harman Phoenix II 200 za 41 PLN!"},"content":{"rendered":"\n<p>Nasza oferta Black Weekowa na <a href=\"http:\/\/35mm.pl\" rel=\"nofollow noopener\" target=\"_blank\">35mm.pl<\/a> ju\u017c wisi od niedzieli. Teraz jednak poszli\u015bmy krok dalej, przygotowali\u015bmy dla Was prawdziw\u0105 bomb\u0119. Ot\u00f3\u017c\u00a0do obni\u017conej <br>ceny <a href=\"https:\/\/35mm.pl\/produkt\/harman-phoenix-ii-200-135-36\/\" rel=\"nofollow noopener\" target=\"_blank\">Phoenix II 200<\/a> dorzucili\u015bmy jeszcze lepsz\u0105 cen\u0119!<\/p>\n\n\n<div class=\"wp-block-image\">\n<figure class=\"aligncenter size-full is-resized\"><a href=\"https:\/\/35mm.pl\/produkt\/harman-phoenix-ii-200-135-36\/\" rel=\"nofollow noopener\" target=\"_blank\"><img fetchpriority=\"high\" decoding=\"async\" width=\"636\" height=\"806\" src=\"https:\/\/dailyweb.pl\/stalka\/wp-content\/uploads\/2025\/11\/Zrzut-ekranu-2025-11-25-o-14.38.41.png\" alt=\"\" class=\"wp-image-29096\" style=\"width:338px;height:auto\" title=\"\" srcset=\"https:\/\/dailyweb.pl\/stalka\/wp-content\/uploads\/2025\/11\/Zrzut-ekranu-2025-11-25-o-14.38.41.png 636w, https:\/\/dailyweb.pl\/stalka\/wp-content\/uploads\/2025\/11\/Zrzut-ekranu-2025-11-25-o-14.38.41-237x300.png 237w\" sizes=\"(max-width: 636px) 100vw, 636px\" \/><\/a><\/figure>\n<\/div>\n\n\n<p>Nowa cena czyni ten film najta\u0144szy na rynku (na czas tworzenia artyku\u0142u). Serdecznie polecamy, oferta wa\u017cna do ko\u0144ca zapas\u00f3w lub ko\u0144ca tygodnia.<\/p>\n\n\n\n<p>Zapraszamy tak\u017ce do przejrzenia innych film\u00f3w, akcesori\u00f3w analogowych lub samych aparat\u00f3w. Wszystkie oferty znajdziecie na stronie <a href=\"https:\/\/35mm.pl\/black-week-na-35mm-pl\/\" rel=\"nofollow noopener\" target=\"_blank\">Black Weekowej 35mm.pl<\/a><\/p>\n\n\n\n<p>Sam film testowali\u015bmy na sta\u0142ce, mo\u017cecie obejrze\u0107 efekty bezpo\u015brednio pod tagiem: <a href=\"https:\/\/dailyweb.pl\/stalka\/tag\/harman-phoenix-ii\/\">#harman phoenix II<\/a><\/p>\n\n\n\n<hr class=\"wp-block-separator has-alpha-channel-opacity\"\/>\n\n\n\n<p class=\"has-text-align-center\">Autopromocja naszego sklepu 35mm.pl<\/p>\n","protected":false},"excerpt":{"rendered":"<div class=\"nofuss_excerpt\"><p>Nasza oferta Black Weekowa na<\/p>\n<\/div>","protected":false},"author":1,"featured_media":23319,"comment_status":"open","ping_status":"open","sticky":false,"template":"","format":"standard","meta":{"_acf_changed":false,"footnotes":""},"categories":[1],"tags":[859,914],"class_list":["post-29095","post","type-post","status-publish","format-standard","has-post-thumbnail","hentry","category-aktualnosci","tag-harman-phoenix-ii","tag-phoenix-ii"],"acf":[],"_links":{"self":[{"href":"https:\/\/dailyweb.pl\/stalka\/wp-json\/wp\/v2\/posts\/29095","targetHints":{"allow":["GET"]}}],"collection":[{"href":"https:\/\/dailyweb.pl\/stalka\/wp-json\/wp\/v2\/posts"}],"about":[{"href":"https:\/\/dailyweb.pl\/stalka\/wp-json\/wp\/v2\/types\/post"}],"author":[{"embeddable":true,"href":"https:\/\/dailyweb.pl\/stalka\/wp-json\/wp\/v2\/users\/1"}],"replies":[{"embeddable":true,"href":"https:\/\/dailyweb.pl\/stalka\/wp-json\/wp\/v2\/comments?post=29095"}],"version-history":[{"count":1,"href":"https:\/\/dailyweb.pl\/stalka\/wp-json\/wp\/v2\/posts\/29095\/revisions"}],"predecessor-version":[{"id":29097,"href":"https:\/\/dailyweb.pl\/stalka\/wp-json\/wp\/v2\/posts\/29095\/revisions\/29097"}],"wp:featuredmedia":[{"embeddable":true,"href":"https:\/\/dailyweb.pl\/stalka\/wp-json\/wp\/v2\/media\/23319"}],"wp:attachment":[{"href":"https:\/\/dailyweb.pl\/stalka\/wp-json\/wp\/v2\/media?parent=29095"}],"wp:term":[{"taxonomy":"category","embeddable":true,"href":"https:\/\/dailyweb.pl\/stalka\/wp-json\/wp\/v2\/categories?post=29095"},{"taxonomy":"post_tag","embeddable":true,"href":"https:\/\/dailyweb.pl\/stalka\/wp-json\/wp\/v2\/tags?post=29095"}],"curies":[{"name":"wp","href":"https:\/\/api.w.org\/{rel}","templated":true}]}}