{"id":28432,"date":"2025-11-05T15:00:00","date_gmt":"2025-11-05T14:00:00","guid":{"rendered":"https:\/\/dailyweb.pl\/stalka\/?p=28432"},"modified":"2025-11-04T16:24:47","modified_gmt":"2025-11-04T15:24:47","slug":"viltrox-rozszerza-oferte-seria-evo-trafia-na-mocowanie-nikon-z","status":"publish","type":"post","link":"https:\/\/dailyweb.pl\/stalka\/viltrox-rozszerza-oferte-seria-evo-trafia-na-mocowanie-nikon-z\/","title":{"rendered":"Viltrox rozszerza ofert\u0119 \u2013 seria EVO trafia na mocowanie Nikon Z"},"content":{"rendered":"\n<p>Marka\u00a0Viltrox\u00a0rozszerzy\u0142a niedawno ofert\u0119 pe\u0142noklatkowych obiektyw\u00f3w o zupe\u0142nie now\u0105 lini\u0119\u00a0EVO, kt\u00f3ra \u0142\u0105czy mobilno\u015b\u0107, jako\u015b\u0107 i nowoczesn\u0105 funkcjonalno\u015b\u0107 w kompaktowej formie.\u00a0Pierwszym modelem w linii by\u0142 ciep\u0142o przyj\u0119ty Viltrox AF 85mm F2.0 EVO FE\u00a0dla systemu\u00a0Sony E. <\/p>\n\n\n\n<h2 class=\"wp-block-heading\">Viltrox AF 85mm F2.0 EVO Z \u2013 lekka i jasna portret\u00f3wka<\/h2>\n\n\n\n<figure class=\"wp-block-image size-large\"><img fetchpriority=\"high\" decoding=\"async\" width=\"1024\" height=\"733\" src=\"https:\/\/dailyweb.pl\/stalka\/wp-content\/uploads\/2025\/11\/DSC7559-1024x733.jpeg\" alt=\"\" class=\"wp-image-28447\" title=\"\" srcset=\"https:\/\/dailyweb.pl\/stalka\/wp-content\/uploads\/2025\/11\/DSC7559-1024x733.jpeg 1024w, https:\/\/dailyweb.pl\/stalka\/wp-content\/uploads\/2025\/11\/DSC7559-300x215.jpeg 300w, https:\/\/dailyweb.pl\/stalka\/wp-content\/uploads\/2025\/11\/DSC7559-768x549.jpeg 768w, https:\/\/dailyweb.pl\/stalka\/wp-content\/uploads\/2025\/11\/DSC7559-1536x1099.jpeg 1536w, https:\/\/dailyweb.pl\/stalka\/wp-content\/uploads\/2025\/11\/DSC7559-2048x1465.jpeg 2048w\" sizes=\"(max-width: 1024px) 100vw, 1024px\" \/><figcaption class=\"wp-element-caption\">Ciep\u0142o przyj\u0119ty Viltrox AF 85mm F2.0 EVO FE\u00a0dla systemu\u00a0Sony E doczeka\u0142 si\u0119 wersji dla Nikon\u00f3w<\/figcaption><\/figure>\n\n\n\n<p>Nowy\u00a0Viltrox AF 85mm F2.0 EVO Z\u00a0to lekki, portretowy obiektyw pe\u0142noklatkowy stworzony z my\u015bl\u0105 o fotografach i filmowcach ceni\u0105cych doskona\u0142\u0105 jako\u015b\u0107 obrazu, mobilno\u015b\u0107 oraz precyzyjny autofokus STM. Jasna przys\u0142ona\u00a0F2.0, szybki i cichy silnik AF oraz solidna, kompaktowa konstrukcja czyni\u0105 z niego idealne narz\u0119dzie zar\u00f3wno do pracy w terenie, jak i w studiu.<\/p>\n\n\n\n<h2 class=\"wp-block-heading\">Viltrox\u00a0EVO \u0142\u0105czy mobilno\u015b\u0107, jako\u015b\u0107 i nowoczesn\u0105 funkcjonalno\u015b\u0107 w kompaktowej formie<\/h2>\n\n\n\n<p>Najnowsza seria\u00a0Viltrox EVO\u00a0wype\u0142nia przestrze\u0144 pomi\u0119dzy lekk\u0105 lini\u0105\u00a0Air a profesjonalnymi konstrukcjami\u00a0z linii Pro czy LAB. Producent deklaruje, \u017ce nowa generacja obiektyw\u00f3w zaprojektowana zosta\u0142a dla tw\u00f3rc\u00f3w, kt\u00f3rzy oczekuj\u0105\u00a0doskona\u0142ej jako\u015bci obrazu,\u00a0nowoczesnego designu\u00a0i\u00a0funkcjonalno\u015bci klasy premium\u00a0w lekkiej formie.<\/p>\n\n\n\n<figure class=\"wp-block-embed is-type-wp-embed is-provider-sta-ka-pl wp-block-embed-sta-ka-pl\"><div class=\"wp-block-embed__wrapper\">\n<blockquote class=\"wp-embedded-content\" data-secret=\"7fKsodAWLu\"><a href=\"https:\/\/dailyweb.pl\/stalka\/viltrox-af-50-mm-f-1-4-pro-debiutuje-pelnoklatkowy-obiektyw-dla-sony-e-i-nikon-z\/\">Viltrox AF 50 mm f\/1.4 Pro \u2013 debiutuje pe\u0142noklatkowy obiektyw dla Sony E i Nikon Z<\/a><\/blockquote><iframe class=\"wp-embedded-content\" sandbox=\"allow-scripts\" security=\"restricted\" style=\"position: absolute; visibility: hidden;\" title=\"&#8222;Viltrox AF 50 mm f\/1.4 Pro \u2013 debiutuje pe\u0142noklatkowy obiektyw dla Sony E i Nikon Z&#8221; &#8212; sta\u0142ka.pl\" src=\"https:\/\/dailyweb.pl\/stalka\/viltrox-af-50-mm-f-1-4-pro-debiutuje-pelnoklatkowy-obiektyw-dla-sony-e-i-nikon-z\/embed\/#?secret=PQjG0rddhd#?secret=7fKsodAWLu\" data-secret=\"7fKsodAWLu\" width=\"600\" height=\"338\" frameborder=\"0\" marginwidth=\"0\" marginheight=\"0\" scrolling=\"no\"><\/iframe>\n<\/div><\/figure>\n\n\n\n<p>Viltrox AF 85mm F2.0 EVO Z dost\u0119pny b\u0119dzie w sprzeda\u017cy od ko\u0144ca przysz\u0142ego tygodnia. Wyceniono go na 1 399 z\u0142otych. <\/p>\n","protected":false},"excerpt":{"rendered":"<div class=\"nofuss_excerpt\"><p>Po ciep\u0142o przyj\u0119tym obiektywie dla u\u017cytkownik\u00f3w mocowania Sony E, przyszed\u0142 czas na wersj\u0119 dla aparat\u00f3w Nikon Z.<\/p>\n<\/div>","protected":false},"author":2,"featured_media":28441,"comment_status":"open","ping_status":"open","sticky":false,"template":"","format":"standard","meta":{"_acf_changed":false,"footnotes":""},"categories":[1],"tags":[218,144,1057],"class_list":["post-28432","post","type-post","status-publish","format-standard","has-post-thumbnail","hentry","category-aktualnosci","tag-nikon-z","tag-viltrox","tag-viltrox-af-85mm-f2-0-evo-z"],"acf":[],"_links":{"self":[{"href":"https:\/\/dailyweb.pl\/stalka\/wp-json\/wp\/v2\/posts\/28432","targetHints":{"allow":["GET"]}}],"collection":[{"href":"https:\/\/dailyweb.pl\/stalka\/wp-json\/wp\/v2\/posts"}],"about":[{"href":"https:\/\/dailyweb.pl\/stalka\/wp-json\/wp\/v2\/types\/post"}],"author":[{"embeddable":true,"href":"https:\/\/dailyweb.pl\/stalka\/wp-json\/wp\/v2\/users\/2"}],"replies":[{"embeddable":true,"href":"https:\/\/dailyweb.pl\/stalka\/wp-json\/wp\/v2\/comments?post=28432"}],"version-history":[{"count":15,"href":"https:\/\/dailyweb.pl\/stalka\/wp-json\/wp\/v2\/posts\/28432\/revisions"}],"predecessor-version":[{"id":28450,"href":"https:\/\/dailyweb.pl\/stalka\/wp-json\/wp\/v2\/posts\/28432\/revisions\/28450"}],"wp:featuredmedia":[{"embeddable":true,"href":"https:\/\/dailyweb.pl\/stalka\/wp-json\/wp\/v2\/media\/28441"}],"wp:attachment":[{"href":"https:\/\/dailyweb.pl\/stalka\/wp-json\/wp\/v2\/media?parent=28432"}],"wp:term":[{"taxonomy":"category","embeddable":true,"href":"https:\/\/dailyweb.pl\/stalka\/wp-json\/wp\/v2\/categories?post=28432"},{"taxonomy":"post_tag","embeddable":true,"href":"https:\/\/dailyweb.pl\/stalka\/wp-json\/wp\/v2\/tags?post=28432"}],"curies":[{"name":"wp","href":"https:\/\/api.w.org\/{rel}","templated":true}]}}