{"id":27820,"date":"2025-10-17T10:23:15","date_gmt":"2025-10-17T08:23:15","guid":{"rendered":"https:\/\/dailyweb.pl\/stalka\/?p=27820"},"modified":"2025-10-17T10:23:17","modified_gmt":"2025-10-17T08:23:17","slug":"viltrox-af-50-mm-f-1-4-pro-debiutuje-pelnoklatkowy-obiektyw-dla-sony-e-i-nikon-z","status":"publish","type":"post","link":"https:\/\/dailyweb.pl\/stalka\/viltrox-af-50-mm-f-1-4-pro-debiutuje-pelnoklatkowy-obiektyw-dla-sony-e-i-nikon-z\/","title":{"rendered":"Viltrox AF 50 mm f\/1.4 Pro \u2013 debiutuje pe\u0142noklatkowy obiektyw dla Sony E i Nikon Z"},"content":{"rendered":"\n<p>Viltrox rozszerza ofert\u0119 o kolejny obiektyw z linii PRO, tym razem to 50 mm 1.4 z mocowaniem Sony E oraz Nikon Z.<\/p>\n\n\n\n<h2 class=\"wp-block-heading\">Viltrox AF 50 mm f\/1.4 Pro<\/h2>\n\n\n\n<figure class=\"wp-block-image size-large\"><img fetchpriority=\"high\" decoding=\"async\" width=\"1024\" height=\"683\" src=\"https:\/\/dailyweb.pl\/stalka\/wp-content\/uploads\/2025\/10\/Viltrox_AF_50mm_f1.4_Pro\u20131-1024x683.jpeg\" alt=\"\" class=\"wp-image-27822\" title=\"\" srcset=\"https:\/\/dailyweb.pl\/stalka\/wp-content\/uploads\/2025\/10\/Viltrox_AF_50mm_f1.4_Pro\u20131-1024x683.jpeg 1024w, https:\/\/dailyweb.pl\/stalka\/wp-content\/uploads\/2025\/10\/Viltrox_AF_50mm_f1.4_Pro\u20131-300x200.jpeg 300w, https:\/\/dailyweb.pl\/stalka\/wp-content\/uploads\/2025\/10\/Viltrox_AF_50mm_f1.4_Pro\u20131-768x512.jpeg 768w, https:\/\/dailyweb.pl\/stalka\/wp-content\/uploads\/2025\/10\/Viltrox_AF_50mm_f1.4_Pro\u20131.jpeg 1500w\" sizes=\"(max-width: 1024px) 100vw, 1024px\" \/><\/figure>\n\n\n\n<p>Obiektyw oferowa\u0107 ma profesjonalne parametry optyczne, szybki i precyzyjny autofokus oraz pe\u0142ne uszczelnienie konstrukcji w cenie, kt\u00f3ra sprawia\u0107 ma, \u017ce b\u0119dzie to jedna z najciekawszych propozycji w swoim segmencie. Dzi\u0119ki jasnej przys\u0142onie f\/1.4 obiektyw zapewnia\u0107 ma wyj\u0105tkow\u0105 plastyk\u0119 obrazu i pi\u0119kne rozmycie t\u0142a (bokeh), kt\u00f3re doceni\u0105 portreci\u015bci i tw\u00f3rcy kreatywnych uj\u0119\u0107. <\/p>\n\n\n\n<p>Konstrukcja optyczna obiektywu sk\u0142ada si\u0119 z 15 element\u00f3w w 11 grupach (w tym 3 soczewki ED, 8 o wysokim wsp\u00f3\u0142czynniku za\u0142amania oraz 1 ultra precyzyjna soczewka asferyczna), co gwarantuje ostro\u015b\u0107, naturalne kolory i wysok\u0105 szczeg\u00f3\u0142owo\u015b\u0107 w ca\u0142ym kadrze. Nowoczesny silnik VCM pozwala\u0107 ma na szybkie, ciche i precyzyjne ustawianie ostro\u015bci. Dzi\u0119ki temu obiektyw \u015bwietnie sprawdza si\u0119 zar\u00f3wno w fotografii, jak i w filmowaniu \u2013 szczeg\u00f3lnie tam, gdzie liczy si\u0119 p\u0142ynno\u015b\u0107 i niezawodno\u015b\u0107 dzia\u0142ania.<\/p>\n\n\n\n<figure class=\"wp-block-embed is-type-wp-embed is-provider-sta-ka-pl wp-block-embed-sta-ka-pl\"><div class=\"wp-block-embed__wrapper\">\n<blockquote class=\"wp-embedded-content\" data-secret=\"R0lphoAEdP\"><a href=\"https:\/\/dailyweb.pl\/stalka\/viltrox-dolaczyl-do-l-mount-alliance-i-pokazal-af-56-mm-f-1-2-pro\/\">Viltrox do\u0142\u0105czy\u0142 do L-Mount Alliance i pokaza\u0142 AF 56 mm f\/1.2 Pro<\/a><\/blockquote><iframe class=\"wp-embedded-content\" sandbox=\"allow-scripts\" security=\"restricted\" style=\"position: absolute; visibility: hidden;\" title=\"&#8222;Viltrox do\u0142\u0105czy\u0142 do L-Mount Alliance i pokaza\u0142 AF 56 mm f\/1.2 Pro&#8221; &#8212; sta\u0142ka.pl\" src=\"https:\/\/dailyweb.pl\/stalka\/viltrox-dolaczyl-do-l-mount-alliance-i-pokazal-af-56-mm-f-1-2-pro\/embed\/#?secret=JovDcDuGug#?secret=R0lphoAEdP\" data-secret=\"R0lphoAEdP\" width=\"600\" height=\"338\" frameborder=\"0\" marginwidth=\"0\" marginheight=\"0\" scrolling=\"no\"><\/iframe>\n<\/div><\/figure>\n\n\n\n<p>Viltrox AF 50 mm f\/1.4 Pro w wersji dla Sony E mo\u017cecie ju\u017c kupowa\u0107. Ceny zaczynaj\u0105 si\u0119 od 2 599 z\u0142otych. Na wej\u015bcie do sprzeda\u017cy wersji dla Nikon\u00f3w przyjdzie nam jeszcze chwil\u0119 poczeka\u0107. <\/p>\n","protected":false},"excerpt":{"rendered":"<div class=\"nofuss_excerpt\"><p>Nowy profesjonalny obiektyw od Viltroxa.<\/p>\n<\/div>","protected":false},"author":2,"featured_media":27825,"comment_status":"open","ping_status":"open","sticky":false,"template":"","format":"standard","meta":{"_acf_changed":false,"footnotes":""},"categories":[1],"tags":[218,243,144,1030],"class_list":["post-27820","post","type-post","status-publish","format-standard","has-post-thumbnail","hentry","category-aktualnosci","tag-nikon-z","tag-sony-e-2","tag-viltrox","tag-viltrox-af-50-mm-f-1-4-pro"],"acf":[],"_links":{"self":[{"href":"https:\/\/dailyweb.pl\/stalka\/wp-json\/wp\/v2\/posts\/27820","targetHints":{"allow":["GET"]}}],"collection":[{"href":"https:\/\/dailyweb.pl\/stalka\/wp-json\/wp\/v2\/posts"}],"about":[{"href":"https:\/\/dailyweb.pl\/stalka\/wp-json\/wp\/v2\/types\/post"}],"author":[{"embeddable":true,"href":"https:\/\/dailyweb.pl\/stalka\/wp-json\/wp\/v2\/users\/2"}],"replies":[{"embeddable":true,"href":"https:\/\/dailyweb.pl\/stalka\/wp-json\/wp\/v2\/comments?post=27820"}],"version-history":[{"count":9,"href":"https:\/\/dailyweb.pl\/stalka\/wp-json\/wp\/v2\/posts\/27820\/revisions"}],"predecessor-version":[{"id":27831,"href":"https:\/\/dailyweb.pl\/stalka\/wp-json\/wp\/v2\/posts\/27820\/revisions\/27831"}],"wp:featuredmedia":[{"embeddable":true,"href":"https:\/\/dailyweb.pl\/stalka\/wp-json\/wp\/v2\/media\/27825"}],"wp:attachment":[{"href":"https:\/\/dailyweb.pl\/stalka\/wp-json\/wp\/v2\/media?parent=27820"}],"wp:term":[{"taxonomy":"category","embeddable":true,"href":"https:\/\/dailyweb.pl\/stalka\/wp-json\/wp\/v2\/categories?post=27820"},{"taxonomy":"post_tag","embeddable":true,"href":"https:\/\/dailyweb.pl\/stalka\/wp-json\/wp\/v2\/tags?post=27820"}],"curies":[{"name":"wp","href":"https:\/\/api.w.org\/{rel}","templated":true}]}}