{"id":27685,"date":"2025-10-13T09:12:31","date_gmt":"2025-10-13T07:12:31","guid":{"rendered":"https:\/\/dailyweb.pl\/stalka\/?p=27685"},"modified":"2025-10-15T11:30:11","modified_gmt":"2025-10-15T09:30:11","slug":"canon-eos-r6-mark-iii-i-rf-45mm-f-1-2-stm-zadebiutuja-6-listopada","status":"publish","type":"post","link":"https:\/\/dailyweb.pl\/stalka\/canon-eos-r6-mark-iii-i-rf-45mm-f-1-2-stm-zadebiutuja-6-listopada\/","title":{"rendered":"Canon EOS R6 Mark III i RF 45mm f\/1.2 STM zadebiutuj\u0105 6 listopada"},"content":{"rendered":"\n<p>Sytuacja zaczyna si\u0119 klarowa\u0107. Po miesi\u0105cach oczekiwa\u0107 kilku sprzecznych informacjach i wielu plotkach wreszcie wiemy kiedy odb\u0119dzie si\u0119 premiera Canona R6 Mark III.&nbsp;<\/p>\n\n\n\n<p>Je\u015bli \u015bledzicie temat Canona R6 to wiecie, \u017ce o premierze trzeciej generacji tego modelu m\u00f3wi si\u0119 ju\u017c od zesz\u0142ego roku \u2014 spekulowano, \u017ce premiera b\u0119dzie mia\u0142a w pierwszym kwartale tego roku. P\u00f3\u017aniejsze plotki m\u00f3wi\u0142y, \u017ce model ten mo\u017ce zadebiutowa\u0107 w maju. P\u00f3\u017aniej zn\u00f3w informowali\u015bmy, \u017ce Canon zmienia plany, a premiera najpewniej odb\u0119dzie si\u0119 pod koniec wakacji. To wszystko okaza\u0142o si\u0119 nieprawd\u0105. Teraz mo\u017cemy by\u0107 chyba ju\u017c pewni, \u017ce nie b\u0119dziemy musieli d\u0142u\u017cej czeka\u0107. Canon EOS R6 Mark III zadebiutuje w towarzystwie obiektywu RF 45mm f\/1.2 STM ju\u017c 6 listopada!<\/p>\n\n\n\n<h2 class=\"wp-block-heading\">Premiera Canon EOS R6 Mark III i RF 45 mm f\/1.2 STM<\/h2>\n\n\n\n<figure class=\"wp-block-image size-large\"><img fetchpriority=\"high\" decoding=\"async\" width=\"1024\" height=\"576\" src=\"https:\/\/dailyweb.pl\/stalka\/wp-content\/uploads\/2025\/09\/Canon_EOS_C50_9-1024x576.jpg\" alt=\"Canon EOS C50 zadebiutowa\u0142 w wakacje i dosta\u0142 matryc\u0119, kt\u00f3r\u0105 prawdopoodbnie dostanie te\u017c Canon R6 Mark III\" class=\"wp-image-26275\" title=\"\" srcset=\"https:\/\/dailyweb.pl\/stalka\/wp-content\/uploads\/2025\/09\/Canon_EOS_C50_9-1024x576.jpg 1024w, https:\/\/dailyweb.pl\/stalka\/wp-content\/uploads\/2025\/09\/Canon_EOS_C50_9-300x169.jpg 300w, https:\/\/dailyweb.pl\/stalka\/wp-content\/uploads\/2025\/09\/Canon_EOS_C50_9-768x432.jpg 768w, https:\/\/dailyweb.pl\/stalka\/wp-content\/uploads\/2025\/09\/Canon_EOS_C50_9-1536x864.jpg 1536w, https:\/\/dailyweb.pl\/stalka\/wp-content\/uploads\/2025\/09\/Canon_EOS_C50_9-2048x1152.jpg 2048w\" sizes=\"(max-width: 1024px) 100vw, 1024px\" \/><\/figure>\n\n\n\n<p>W zasadzie ostatnio o tym, \u017ce najpewniej premiera odb\u0119dzie si\u0119 w listopadzie, pisa\u0142 ju\u017c Gustaw. Kilka chwil po opublikowaniu tych artyku\u0142\u00f3w w sieci pojawi\u0142y si\u0119 kolejne plotki. M\u00f3wi\u0105 one o NDA (czyli umowy o zachowaniu poufno\u015bci) z terminem 16 listopada oraz 26 listopada. To terminy, do kt\u00f3rych przedstawiciele firmy nie mog\u0105 pu\u015bci\u0107 pary z ust. Pierwsza data odnosi si\u0119 do premiery aparatu Canon R6 Mark i obiektywu RF 45 mm, a druga do drugiej premiery z<a href=\"https:\/\/dailyweb.pl\/stalka\/cztery-nowe-obiektywy-canona-pojawia-sie-przed-koncem-roku\/\" target=\"_blank\" rel=\"noreferrer noopener\"> kolejnymi 3 obiektywami.&nbsp;<\/a><\/p>\n\n\n\n<figure class=\"wp-block-embed is-type-wp-embed is-provider-sta-ka-pl wp-block-embed-sta-ka-pl\"><div class=\"wp-block-embed__wrapper\">\n<blockquote class=\"wp-embedded-content\" data-secret=\"bwZDWWIkyJ\"><a href=\"https:\/\/dailyweb.pl\/stalka\/koniec-sagi-canon-r6-mark-iii-prawdopodobnie-trafi-na-rynek-w-listopadzie\/\">Koniec sagi? Canon R6 Mark III prawdopodobnie trafi na rynek w listopadzie<\/a><\/blockquote><iframe class=\"wp-embedded-content\" sandbox=\"allow-scripts\" security=\"restricted\" style=\"position: absolute; visibility: hidden;\" title=\"&#8222;Koniec sagi? Canon R6 Mark III prawdopodobnie trafi na rynek w listopadzie&#8221; &#8212; sta\u0142ka.pl\" src=\"https:\/\/dailyweb.pl\/stalka\/koniec-sagi-canon-r6-mark-iii-prawdopodobnie-trafi-na-rynek-w-listopadzie\/embed\/#?secret=2y4C2tyDgm#?secret=bwZDWWIkyJ\" data-secret=\"bwZDWWIkyJ\" width=\"600\" height=\"338\" frameborder=\"0\" marginwidth=\"0\" marginheight=\"0\" scrolling=\"no\"><\/iframe>\n<\/div><\/figure>\n\n\n\n<p>Teraz serwis Canon Rumors donosi, \u017ce sprz\u0119t objawi si\u0119 nie 16, a 6 listopada. Pytaniem jest to, czy to jaka\u015b liter\u00f3wka z poprzednich informacji, czy sprawa jest g\u0142\u0119bsza. Data ta mo\u017ce si\u0119 odnosi\u0107 nie tyle do samej premiery, co do terminu szkolenia i spotkania &nbsp;dla sprzedawc\u00f3w i dziennikarzy, kt\u00f3re zwykle w takich wypadkach organizuje Canon. Przewa\u017cnie i nasza redakcja zapraszana jest na takie wydarzenia (w formie stacjonarnej lub online), <s>ale teraz z czystym sumieniem mo\u017cemy powiedzie\u0107, \u017ce nic jeszcze o takim spotkaniu nie wiemy i nie podpisywali\u015bmy NDA na informacje o planowanych premierach.<\/s> Mimo to sprawa na tyle si\u0119 zag\u0119\u015bci\u0142a, \u017ce co\u015b faktycznie b\u0119dzie musia\u0142o by\u0107 na rzeczy.&nbsp;<\/p>\n\n\n\n<p>Znamy te\u017c podstawow\u0105 konfiguracj\u0119 aparatu:<\/p>\n\n\n\n<ul class=\"wp-block-list\">\n<li>34,2 MP \/ 32 MP (ten sam sensor co w Cinema EOS C50)<\/li>\n\n\n\n<li>Dual Pixel CMOS AF II z wykrywaniem wielu obiekt\u00f3w<\/li>\n\n\n\n<li>Stabilizacja obrazu (IBIS): 6,5 stopnia<\/li>\n\n\n\n<li>Tryb&nbsp;<strong>pre-capture<\/strong>&nbsp;(rejestrowanie przed wci\u015bni\u0119ciem spustu)<\/li>\n\n\n\n<li>Maks. szybko\u015b\u0107 zdj\u0119\u0107: 40 kl.\/s (migawka elektroniczna)<\/li>\n\n\n\n<li>Maks. ISO: 64 000<\/li>\n\n\n\n<li>nagrywanie&nbsp;<strong>Open Gate<\/strong><\/li>\n<\/ul>\n\n\n\n<p><\/p>\n\n\n\n<p>Sugerowana cena R6 MArk III to 2899 \u20ac \/ 2899 $ (oko\u0142o 10 640 z\u0142). Obiektyw RF 45mm F\/1.2 STM ma kosztowa\u0107 599 \u20ac (oko\u0142o 2 550 z\u0142). <\/p>\n\n\n\n<p><strong>Aktualizacja tekstu:<\/strong> \u015broda 15.10.2025 godzina 11:30.<\/p>\n","protected":false},"excerpt":{"rendered":"<div class=\"nofuss_excerpt\"><p>To ju\u017c koniec oczekiwania. Premiera 6 listopada!<\/p>\n<\/div>","protected":false},"author":3,"featured_media":25936,"comment_status":"open","ping_status":"open","sticky":false,"template":"","format":"standard","meta":{"_acf_changed":false,"footnotes":""},"categories":[1],"tags":[83,339],"class_list":["post-27685","post","type-post","status-publish","format-standard","has-post-thumbnail","hentry","category-aktualnosci","tag-canon","tag-canon-eos-r6-mark-iii"],"acf":[],"_links":{"self":[{"href":"https:\/\/dailyweb.pl\/stalka\/wp-json\/wp\/v2\/posts\/27685","targetHints":{"allow":["GET"]}}],"collection":[{"href":"https:\/\/dailyweb.pl\/stalka\/wp-json\/wp\/v2\/posts"}],"about":[{"href":"https:\/\/dailyweb.pl\/stalka\/wp-json\/wp\/v2\/types\/post"}],"author":[{"embeddable":true,"href":"https:\/\/dailyweb.pl\/stalka\/wp-json\/wp\/v2\/users\/3"}],"replies":[{"embeddable":true,"href":"https:\/\/dailyweb.pl\/stalka\/wp-json\/wp\/v2\/comments?post=27685"}],"version-history":[{"count":7,"href":"https:\/\/dailyweb.pl\/stalka\/wp-json\/wp\/v2\/posts\/27685\/revisions"}],"predecessor-version":[{"id":27793,"href":"https:\/\/dailyweb.pl\/stalka\/wp-json\/wp\/v2\/posts\/27685\/revisions\/27793"}],"wp:featuredmedia":[{"embeddable":true,"href":"https:\/\/dailyweb.pl\/stalka\/wp-json\/wp\/v2\/media\/25936"}],"wp:attachment":[{"href":"https:\/\/dailyweb.pl\/stalka\/wp-json\/wp\/v2\/media?parent=27685"}],"wp:term":[{"taxonomy":"category","embeddable":true,"href":"https:\/\/dailyweb.pl\/stalka\/wp-json\/wp\/v2\/categories?post=27685"},{"taxonomy":"post_tag","embeddable":true,"href":"https:\/\/dailyweb.pl\/stalka\/wp-json\/wp\/v2\/tags?post=27685"}],"curies":[{"name":"wp","href":"https:\/\/api.w.org\/{rel}","templated":true}]}}