{"id":25963,"date":"2025-09-02T15:23:42","date_gmt":"2025-09-02T13:23:42","guid":{"rendered":"https:\/\/dailyweb.pl\/stalka\/?p=25963"},"modified":"2025-09-02T15:23:43","modified_gmt":"2025-09-02T13:23:43","slug":"viltrox-zapowiada-nowe-szkla-z-serii-air-pelnoklatkowe-14mm-i-9mm-dla-aps-c","status":"publish","type":"post","link":"https:\/\/dailyweb.pl\/stalka\/viltrox-zapowiada-nowe-szkla-z-serii-air-pelnoklatkowe-14mm-i-9mm-dla-aps-c\/","title":{"rendered":"VILTROX zapowiada nowe szk\u0142a z serii Air: pe\u0142noklatkowe 14mm i 9mm dla APS-C"},"content":{"rendered":"\n<p><a href=\"https:\/\/dailyweb.pl\/stalka\/viltrox-dolaczyl-do-l-mount-alliance-i-pokazal-af-56-mm-f-1-2-pro\/\" target=\"_blank\" rel=\"noreferrer noopener\">Dzi\u015b rano pisa\u0142em<\/a>, \u017ce Viltrox do\u0142\u0105czy\u0142 do L-Mount Alliance i pokaza\u0142 AF 56 mm f\/1.2 Pro, a teraz mam kolejne informacje od tego producenta. <\/p>\n\n\n\n<h2 class=\"wp-block-heading\">VILTROX zapowiada nowe obiektywy z serii Air: AF 14mm F4 FF i AF 9mm F2.8 APS-C<\/h2>\n\n\n\n<figure class=\"wp-block-image size-full\"><img fetchpriority=\"high\" decoding=\"async\" width=\"1536\" height=\"696\" src=\"https:\/\/dailyweb.pl\/stalka\/wp-content\/uploads\/2025\/09\/VILTROX-new-lens-1536x696-1.webp\" alt=\"\" class=\"wp-image-25966\" title=\"\" srcset=\"https:\/\/dailyweb.pl\/stalka\/wp-content\/uploads\/2025\/09\/VILTROX-new-lens-1536x696-1.webp 1536w, https:\/\/dailyweb.pl\/stalka\/wp-content\/uploads\/2025\/09\/VILTROX-new-lens-1536x696-1-300x136.webp 300w, https:\/\/dailyweb.pl\/stalka\/wp-content\/uploads\/2025\/09\/VILTROX-new-lens-1536x696-1-1024x464.webp 1024w, https:\/\/dailyweb.pl\/stalka\/wp-content\/uploads\/2025\/09\/VILTROX-new-lens-1536x696-1-768x348.webp 768w\" sizes=\"(max-width: 1536px) 100vw, 1536px\" \/><\/figure>\n\n\n\n<p><a href=\"https:\/\/asobinet.com\/viltrox-teases-new-air-series-products-af-14mm-f4-ff-and-af-9mm-f2-8-aps-c\/\" target=\"_blank\" rel=\"noreferrer noopener nofollow\">Serwis Asobinet<\/a> poinformowa\u0142 o rozszerzeniu serii Air od Viltroxa o dwa nowe szerokok\u0105tne obiektywy. W lipcu chi\u0144ska firma pokaza\u0142a szerokok\u0105tn\u0105, jasn\u0105 sta\u0142k\u0119 dla matryc APS-C \u2013 Viltrox AF 15mm F1.7 Air. Teraz firma ma p\u00f3j\u015b\u0107 jeszcze szerzej. Przecieki m\u00f3wi\u0105 o obiektywie AF 9mm F2.8 Air. Po raz pierwszy w linii Air obiektyw dla matryc APS-C b\u0119dzie ciemniejszy ni\u017c F1.7, jednak przy takiej ogniskowej to nic dziwnego. <\/p>\n\n\n\n<p>Seria Air doczeka\u0107 si\u0119 ma tak\u017ce szerokok\u0105tnego obiektywu dla pe\u0142nej klatki. Tutaj mowa o obiektywie Viltrox AF 14mm F4.0 Air. Oba obiektywy, jak przysta\u0142o na seri\u0119 Air, maj\u0105 oferowa\u0107 niewielkie gabaryty, silnik autofokusa i rozs\u0105dn\u0105 cen\u0119. <\/p>\n\n\n\n<figure class=\"wp-block-embed is-type-wp-embed is-provider-sta-ka-pl wp-block-embed-sta-ka-pl\"><div class=\"wp-block-embed__wrapper\">\n<blockquote class=\"wp-embedded-content\" data-secret=\"6NmVaH3A7C\"><a href=\"https:\/\/dailyweb.pl\/stalka\/viltrox-zaprzestaje-produkcji-calej-linii-obiektywow-aps-c-z-przyslona-f-1-4\/\">Viltrox zaprzestaje produkcji ca\u0142ej linii obiektyw\u00f3w APS-C z przys\u0142on\u0105 f\/1.4<\/a><\/blockquote><iframe class=\"wp-embedded-content\" sandbox=\"allow-scripts\" security=\"restricted\" style=\"position: absolute; visibility: hidden;\" title=\"&#8222;Viltrox zaprzestaje produkcji ca\u0142ej linii obiektyw\u00f3w APS-C z przys\u0142on\u0105 f\/1.4&#8221; &#8212; sta\u0142ka.pl\" src=\"https:\/\/dailyweb.pl\/stalka\/viltrox-zaprzestaje-produkcji-calej-linii-obiektywow-aps-c-z-przyslona-f-1-4\/embed\/#?secret=MkyfcsoLOG#?secret=6NmVaH3A7C\" data-secret=\"6NmVaH3A7C\" width=\"600\" height=\"338\" frameborder=\"0\" marginwidth=\"0\" marginheight=\"0\" scrolling=\"no\"><\/iframe>\n<\/div><\/figure>\n\n\n\n<p>Cena i data premiery nie s\u0105 jeszcze znane, jednak patrz\u0105c na czas, jaki zazwyczaj mija mi\u0119dzy pierwszymi plotkami o obiektywach Viltroxa, a ich premier\u0105, szkie\u0142 powinni\u015bmy spodziewa\u0107 si\u0119 na rynku jeszcze w tym roku. Dajcie zna\u0107, czy kupiliby\u015bcie kt\u00f3ry\u015b z zapowiadanych obiektyw\u00f3w.<\/p>\n","protected":false},"excerpt":{"rendered":"<div class=\"nofuss_excerpt\"><p>Kolejne wie\u015bci od Viltroxa.<\/p>\n<\/div>","protected":false},"author":2,"featured_media":17354,"comment_status":"open","ping_status":"open","sticky":false,"template":"","format":"standard","meta":{"_acf_changed":false,"footnotes":""},"categories":[1],"tags":[144,952,951,950],"class_list":["post-25963","post","type-post","status-publish","format-standard","has-post-thumbnail","hentry","category-aktualnosci","tag-viltrox","tag-viltrox-af-14mm-f4-0-air","tag-viltrox-af-9mm-f2-8-air","tag-viltrox-air"],"acf":[],"_links":{"self":[{"href":"https:\/\/dailyweb.pl\/stalka\/wp-json\/wp\/v2\/posts\/25963","targetHints":{"allow":["GET"]}}],"collection":[{"href":"https:\/\/dailyweb.pl\/stalka\/wp-json\/wp\/v2\/posts"}],"about":[{"href":"https:\/\/dailyweb.pl\/stalka\/wp-json\/wp\/v2\/types\/post"}],"author":[{"embeddable":true,"href":"https:\/\/dailyweb.pl\/stalka\/wp-json\/wp\/v2\/users\/2"}],"replies":[{"embeddable":true,"href":"https:\/\/dailyweb.pl\/stalka\/wp-json\/wp\/v2\/comments?post=25963"}],"version-history":[{"count":14,"href":"https:\/\/dailyweb.pl\/stalka\/wp-json\/wp\/v2\/posts\/25963\/revisions"}],"predecessor-version":[{"id":25988,"href":"https:\/\/dailyweb.pl\/stalka\/wp-json\/wp\/v2\/posts\/25963\/revisions\/25988"}],"wp:featuredmedia":[{"embeddable":true,"href":"https:\/\/dailyweb.pl\/stalka\/wp-json\/wp\/v2\/media\/17354"}],"wp:attachment":[{"href":"https:\/\/dailyweb.pl\/stalka\/wp-json\/wp\/v2\/media?parent=25963"}],"wp:term":[{"taxonomy":"category","embeddable":true,"href":"https:\/\/dailyweb.pl\/stalka\/wp-json\/wp\/v2\/categories?post=25963"},{"taxonomy":"post_tag","embeddable":true,"href":"https:\/\/dailyweb.pl\/stalka\/wp-json\/wp\/v2\/tags?post=25963"}],"curies":[{"name":"wp","href":"https:\/\/api.w.org\/{rel}","templated":true}]}}