{"id":25886,"date":"2025-09-01T13:02:06","date_gmt":"2025-09-01T11:02:06","guid":{"rendered":"https:\/\/dailyweb.pl\/stalka\/?p=25886"},"modified":"2025-09-01T13:02:07","modified_gmt":"2025-09-01T11:02:07","slug":"nikon-z-duzym-wzrostem-akcji-za-wszystkim-stoi-wlasciciel-marki-ray-ban","status":"publish","type":"post","link":"https:\/\/dailyweb.pl\/stalka\/nikon-z-duzym-wzrostem-akcji-za-wszystkim-stoi-wlasciciel-marki-ray-ban\/","title":{"rendered":"Nikon z du\u017cym wzrostem akcji. Za wszystkim stoi w\u0142a\u015bciciel marki Ray-Ban"},"content":{"rendered":"\n<p>W zesz\u0142ym roku EssilorLuxottica SA kupi\u0142a 5,1% udzia\u0142\u00f3w w firmie Nikon, powoduj\u0105c <a href=\"https:\/\/dailyweb.pl\/stalka\/ray-ban-przejmie-nikona-ceny-akcji-gwaltownie-rosna\/\" target=\"_blank\" rel=\"noreferrer noopener\">du\u017cy wzrost akcji tego producenta<\/a>. Teraz akcje zn\u00f3w wzros\u0142y na sam\u0105 wie\u015b\u0107 o mo\u017cliwym zwi\u0119kszeniu udzia\u0142\u00f3w.<\/p>\n\n\n\n<h2 class=\"wp-block-heading\">W\u0142a\u015bciciel marki Ray-Ban chce zwi\u0119kszy\u0107 udzia\u0142y w Nikonie<\/h2>\n\n\n\n<figure class=\"wp-block-image size-large\"><img fetchpriority=\"high\" decoding=\"async\" width=\"1024\" height=\"680\" src=\"https:\/\/dailyweb.pl\/stalka\/wp-content\/uploads\/2025\/09\/nikon_akcje-1024x680.png\" alt=\"\" class=\"wp-image-25891\" title=\"\" srcset=\"https:\/\/dailyweb.pl\/stalka\/wp-content\/uploads\/2025\/09\/nikon_akcje-1024x680.png 1024w, https:\/\/dailyweb.pl\/stalka\/wp-content\/uploads\/2025\/09\/nikon_akcje-300x199.png 300w, https:\/\/dailyweb.pl\/stalka\/wp-content\/uploads\/2025\/09\/nikon_akcje-768x510.png 768w, https:\/\/dailyweb.pl\/stalka\/wp-content\/uploads\/2025\/09\/nikon_akcje.png 1460w\" sizes=\"(max-width: 1024px) 100vw, 1024px\" \/><\/figure>\n\n\n\n<p>Francusko-w\u0142oski holding EssilorLuxottica SA, kt\u00f3ry jest w\u0142a\u015bcicielem luksusowych marek okular\u00f3w, w tym Ray-Ban, Oakley i Persol, zainwestowa\u0142 w zesz\u0142ym roku 170 milion\u00f3w euro, kupuj\u0105c 5,1% udzia\u0142\u00f3w w firmie Nikon. Teraz <a href=\"https:\/\/news.bloomberglaw.com\/private-equity\/essilorluxottica-is-said-to-consider-increasing-stake-in-nikon\" target=\"_blank\" rel=\"noreferrer noopener nofollow\">Bloomberg poinformowa\u0142<\/a>, \u017ce firma rozwa\u017ca zwi\u0119kszenie swoich udzia\u0142\u00f3w w Nikonie do oko\u0142o 20%. <\/p>\n\n\n\n<p>Na t\u0119 informacj\u0119\u00a0entuzjastycznie zareagowa\u0142 rynek, a akcje sp\u00f3\u0142ki Nikon Corp. wzros\u0142y nawet o 21%. Wcze\u015bniej akcje wyceniano na mniej ni\u017c 1 500 JPY, by po tej informacji ustabilizowa\u0107 si\u0119 na cenie oko\u0142o 1 700 JPY. Co ciekawe, to wci\u0105\u017c mniej, ni\u017c po pierwszym przej\u0119ciu. 11 pa\u017adziernika zesz\u0142ego roku cena zamkni\u0119cia osi\u0105gn\u0119\u0142a najwy\u017cszy od ponad roku poziom 1 802,50 jen\u00f3w. Od tego czasu warto\u015b\u0107 ta systematycznie spada\u0142a, osi\u0105gaj\u0105c nawet 1 270 JPY 7 kwietnia bie\u017c\u0105cego roku.<\/p>\n\n\n\n<figure class=\"wp-block-embed is-type-wp-embed is-provider-sta-ka-pl wp-block-embed-sta-ka-pl\"><div class=\"wp-block-embed__wrapper\">\n<blockquote class=\"wp-embedded-content\" data-secret=\"3VZCJjQNgt\"><a href=\"https:\/\/dailyweb.pl\/stalka\/canon-dostarczyl-najwiecej-aparatow-w-zeszlym-roku-niemal-cala-branza-z-wzrostami\/\">Canon dostarczy\u0142 najwi\u0119cej aparat\u00f3w w zesz\u0142ym roku. Niemal ca\u0142a bran\u017ca z wzrostami<\/a><\/blockquote><iframe class=\"wp-embedded-content\" sandbox=\"allow-scripts\" security=\"restricted\" style=\"position: absolute; visibility: hidden;\" title=\"&#8222;Canon dostarczy\u0142 najwi\u0119cej aparat\u00f3w w zesz\u0142ym roku. Niemal ca\u0142a bran\u017ca z wzrostami&#8221; &#8212; sta\u0142ka.pl\" src=\"https:\/\/dailyweb.pl\/stalka\/canon-dostarczyl-najwiecej-aparatow-w-zeszlym-roku-niemal-cala-branza-z-wzrostami\/embed\/#?secret=qaQn7JFtTe#?secret=3VZCJjQNgt\" data-secret=\"3VZCJjQNgt\" width=\"600\" height=\"338\" frameborder=\"0\" marginwidth=\"0\" marginheight=\"0\" scrolling=\"no\"><\/iframe>\n<\/div><\/figure>\n\n\n\n<p>W zesz\u0142ym roku Essilor Luxottica naby\u0142a 5,1% udzia\u0142\u00f3w w firmie Nikon. Wed\u0142ug danych zebranych przez Bloomberg, obecnie firma posiada prawie 9% udzia\u0142\u00f3w w Nikonie, wi\u0119c gdzie\u015b przegapili\u015bmy jakie\u015b mniejsze przej\u0119cie. Celem jest pono\u0107 oko\u0142o 20% udzia\u0142\u00f3w, wi\u0119c francusko-w\u0142oski holding jest ju\u017c prawie w po\u0142owie drogi. Czy mamy spodziewa\u0107 si\u0119 jakich\u015b kolaboracji na linii Ray-Ban czy Oakley, a Nikon? Tego dowiemy si\u0119 prawdopodobnie wkr\u00f3tce.<\/p>\n","protected":false},"excerpt":{"rendered":"<div class=\"nofuss_excerpt\"><p>Nikon ma powody do zadowolenia.<\/p>\n<\/div>","protected":false},"author":2,"featured_media":7169,"comment_status":"open","ping_status":"open","sticky":false,"template":"","format":"standard","meta":{"_acf_changed":false,"footnotes":""},"categories":[1],"tags":[103],"class_list":["post-25886","post","type-post","status-publish","format-standard","has-post-thumbnail","hentry","category-aktualnosci","tag-nikon"],"acf":[],"_links":{"self":[{"href":"https:\/\/dailyweb.pl\/stalka\/wp-json\/wp\/v2\/posts\/25886","targetHints":{"allow":["GET"]}}],"collection":[{"href":"https:\/\/dailyweb.pl\/stalka\/wp-json\/wp\/v2\/posts"}],"about":[{"href":"https:\/\/dailyweb.pl\/stalka\/wp-json\/wp\/v2\/types\/post"}],"author":[{"embeddable":true,"href":"https:\/\/dailyweb.pl\/stalka\/wp-json\/wp\/v2\/users\/2"}],"replies":[{"embeddable":true,"href":"https:\/\/dailyweb.pl\/stalka\/wp-json\/wp\/v2\/comments?post=25886"}],"version-history":[{"count":8,"href":"https:\/\/dailyweb.pl\/stalka\/wp-json\/wp\/v2\/posts\/25886\/revisions"}],"predecessor-version":[{"id":25896,"href":"https:\/\/dailyweb.pl\/stalka\/wp-json\/wp\/v2\/posts\/25886\/revisions\/25896"}],"wp:featuredmedia":[{"embeddable":true,"href":"https:\/\/dailyweb.pl\/stalka\/wp-json\/wp\/v2\/media\/7169"}],"wp:attachment":[{"href":"https:\/\/dailyweb.pl\/stalka\/wp-json\/wp\/v2\/media?parent=25886"}],"wp:term":[{"taxonomy":"category","embeddable":true,"href":"https:\/\/dailyweb.pl\/stalka\/wp-json\/wp\/v2\/categories?post=25886"},{"taxonomy":"post_tag","embeddable":true,"href":"https:\/\/dailyweb.pl\/stalka\/wp-json\/wp\/v2\/tags?post=25886"}],"curies":[{"name":"wp","href":"https:\/\/api.w.org\/{rel}","templated":true}]}}