{"id":24511,"date":"2025-08-07T13:14:41","date_gmt":"2025-08-07T11:14:41","guid":{"rendered":"https:\/\/dailyweb.pl\/stalka\/?p=24511"},"modified":"2025-08-07T13:14:58","modified_gmt":"2025-08-07T11:14:58","slug":"viltrox-zaprzestaje-produkcji-calej-linii-obiektywow-aps-c-z-przyslona-f-1-4","status":"publish","type":"post","link":"https:\/\/dailyweb.pl\/stalka\/viltrox-zaprzestaje-produkcji-calej-linii-obiektywow-aps-c-z-przyslona-f-1-4\/","title":{"rendered":"Viltrox zaprzestaje produkcji ca\u0142ej linii obiektyw\u00f3w APS-C z przys\u0142on\u0105 f\/1.4"},"content":{"rendered":"\n<p>Thomas Fransson, fotograf i youtuber, przekazuje wie\u015bci na temat obiektyw\u00f3w APS-C z przys\u0142on\u0105 f\/1.4 od Viltroxa.<\/p>\n\n\n\n<h2 class=\"wp-block-heading\">Viltrox zaprzestaje produkcji obiektyw\u00f3w APS-C z przys\u0142on\u0105 f\/1.4<\/h2>\n\n\n\n<figure class=\"wp-block-embed is-type-video is-provider-youtube wp-block-embed-youtube wp-embed-aspect-16-9 wp-has-aspect-ratio\"><div class=\"wp-block-embed__wrapper\">\n<iframe title=\"Vitrox Killed My Favorite Lens!\" width=\"1778\" height=\"1000\" src=\"https:\/\/www.youtube.com\/embed\/DqsT5uLdrcM?feature=oembed\" frameborder=\"0\" allow=\"accelerometer; autoplay; clipboard-write; encrypted-media; gyroscope; picture-in-picture; web-share\" referrerpolicy=\"strict-origin-when-cross-origin\" allowfullscreen><\/iframe>\n<\/div><\/figure>\n\n\n\n<p>Fransson otrzyma\u0142 informacje od swojego kontaktu w firmie Viltrox, wed\u0142ug kt\u00f3rych firma zdecydowa\u0142a si\u0119 zaprzesta\u0107 produkcji ca\u0142ej linii sta\u0142ek do aparat\u00f3w z matryc\u0105 APS-C. Mowa o pierwszej generacji obiektyw\u00f3w sta\u0142oogniskowych z przys\u0142on\u0105 f\/1.4, czyli Viltrox AF 23mm f\/1.4, Viltrox AF 33mm f\/1.4 i Viltrox AF 56mm f\/1.4. Youtuber nie ma pewno\u015bci czy podobny los spotka Viltrox AF 13mm F1.4, kt\u00f3ry wydawa\u0142 si\u0119 by\u0107 pozycjonowany wy\u017cej.<\/p>\n\n\n\n<p>Na razie nie wiadomo czy fakt, \u017ce Viltrox zaprzestaje produkcji ca\u0142ej linii obiektyw\u00f3w APS-C z przys\u0142on\u0105 f\/1.4, wi\u0105\u017ce si\u0119 z ca\u0142kowitym zaprzestaniem produkcji obiektyw\u00f3w z t\u0105 przys\u0142on\u0105, czy raczej przygotowaniem do prezentacji ich od\u015bwie\u017conych wersji. Za tym pierwszym przemawia fakt, \u017ce Viltrox ma w swojej ofercie obiektywy do aparat\u00f3w APS-C z przys\u0142on\u0105 f\/1.2, kt\u00f3re s\u0105 tymi bardziej premium, a ofert\u0119 uzupe\u0142nia nowa linia AIR, lekkich, tanich i troch\u0119 ciemniejszych obiektyw\u00f3w z przys\u0142on\u0105 f\/1.7, kierowanych do mniej wymagaj\u0105cych u\u017cytkownik\u00f3w.<\/p>\n\n\n\n<figure class=\"wp-block-embed is-type-wp-embed is-provider-sta-ka-pl wp-block-embed-sta-ka-pl\"><div class=\"wp-block-embed__wrapper\">\n<blockquote class=\"wp-embedded-content\" data-secret=\"8rhaNs1tlu\"><a href=\"https:\/\/dailyweb.pl\/stalka\/viltrox-rozszerza-oferte-o-kolejny-obiektyw-aps-c-z-serii-air-tym-razem-to-15-mm-f1-7\/\">Viltrox rozszerza ofert\u0119 o kolejny obiektyw APS-C z serii Air. Tym razem to 15 mm f1.7<\/a><\/blockquote><iframe class=\"wp-embedded-content\" sandbox=\"allow-scripts\" security=\"restricted\" style=\"position: absolute; visibility: hidden;\" title=\"&#8222;Viltrox rozszerza ofert\u0119 o kolejny obiektyw APS-C z serii Air. Tym razem to 15 mm f1.7&#8221; &#8212; sta\u0142ka.pl\" src=\"https:\/\/dailyweb.pl\/stalka\/viltrox-rozszerza-oferte-o-kolejny-obiektyw-aps-c-z-serii-air-tym-razem-to-15-mm-f1-7\/embed\/#?secret=jeXSNNHj1s#?secret=8rhaNs1tlu\" data-secret=\"8rhaNs1tlu\" width=\"600\" height=\"338\" frameborder=\"0\" marginwidth=\"0\" marginheight=\"0\" scrolling=\"no\"><\/iframe>\n<\/div><\/figure>\n\n\n\n<p>Nie wiemy, czy to, \u017ce Viltrox zaprzestaje produkcji ca\u0142ej linii obiektyw\u00f3w APS-C z przys\u0142on\u0105 f\/1.4 oznacza, \u017ce w przysz\u0142o\u015bci zadebiutuj\u0105 ich od\u015bwie\u017cone wersje czy musimy po\u017cegna\u0107 si\u0119 z nimi na zawsze. Gdy zdob\u0119dziemy wi\u0119cej informacji, to z pewno\u015bci\u0105 Was poinformujemy. <\/p>\n","protected":false},"excerpt":{"rendered":"<div class=\"nofuss_excerpt\"><p>Z\u0142e wie\u015bci z obozu Viltroxa.<\/p>\n<\/div>","protected":false},"author":2,"featured_media":24520,"comment_status":"open","ping_status":"open","sticky":false,"template":"","format":"standard","meta":{"_acf_changed":false,"footnotes":""},"categories":[1],"tags":[144],"class_list":["post-24511","post","type-post","status-publish","format-standard","has-post-thumbnail","hentry","category-aktualnosci","tag-viltrox"],"acf":[],"_links":{"self":[{"href":"https:\/\/dailyweb.pl\/stalka\/wp-json\/wp\/v2\/posts\/24511","targetHints":{"allow":["GET"]}}],"collection":[{"href":"https:\/\/dailyweb.pl\/stalka\/wp-json\/wp\/v2\/posts"}],"about":[{"href":"https:\/\/dailyweb.pl\/stalka\/wp-json\/wp\/v2\/types\/post"}],"author":[{"embeddable":true,"href":"https:\/\/dailyweb.pl\/stalka\/wp-json\/wp\/v2\/users\/2"}],"replies":[{"embeddable":true,"href":"https:\/\/dailyweb.pl\/stalka\/wp-json\/wp\/v2\/comments?post=24511"}],"version-history":[{"count":8,"href":"https:\/\/dailyweb.pl\/stalka\/wp-json\/wp\/v2\/posts\/24511\/revisions"}],"predecessor-version":[{"id":24523,"href":"https:\/\/dailyweb.pl\/stalka\/wp-json\/wp\/v2\/posts\/24511\/revisions\/24523"}],"wp:featuredmedia":[{"embeddable":true,"href":"https:\/\/dailyweb.pl\/stalka\/wp-json\/wp\/v2\/media\/24520"}],"wp:attachment":[{"href":"https:\/\/dailyweb.pl\/stalka\/wp-json\/wp\/v2\/media?parent=24511"}],"wp:term":[{"taxonomy":"category","embeddable":true,"href":"https:\/\/dailyweb.pl\/stalka\/wp-json\/wp\/v2\/categories?post=24511"},{"taxonomy":"post_tag","embeddable":true,"href":"https:\/\/dailyweb.pl\/stalka\/wp-json\/wp\/v2\/tags?post=24511"}],"curies":[{"name":"wp","href":"https:\/\/api.w.org\/{rel}","templated":true}]}}