{"id":24185,"date":"2025-07-30T10:12:37","date_gmt":"2025-07-30T08:12:37","guid":{"rendered":"https:\/\/dailyweb.pl\/stalka\/?p=24185"},"modified":"2025-07-30T10:12:38","modified_gmt":"2025-07-30T08:12:38","slug":"nowy-kodak-z-65-krotnym-zoomem-ale-krok-wstecz-wzgledem-poprzednika","status":"publish","type":"post","link":"https:\/\/dailyweb.pl\/stalka\/nowy-kodak-z-65-krotnym-zoomem-ale-krok-wstecz-wzgledem-poprzednika\/","title":{"rendered":"Nowy Kodak z 65-krotnym zoomem\u2026 ale krok wstecz wzgl\u0119dem poprzednika"},"content":{"rendered":"\n<p>Kodak zapowiedzia\u0142 nowy aparat, kt\u00f3ry \u015bwiat\u0142o dzienne ujrzy ju\u017c za moment \u2013 podczas wrze\u015bniowych targ\u00f3w IFA w Berlinie.<\/p>\n\n\n\n<h2 class=\"wp-block-heading\">Kodak PixPro AZ653 zostanie zaprezentowany na targach IFA we wrze\u015bniu <\/h2>\n\n\n\n<figure class=\"wp-block-image size-full\"><img decoding=\"async\" src=\"https:\/\/dailyweb.pl\/stalka\/wp-content\/uploads\/2025\/07\/kodak-az652-2.avif\" alt=\"\" class=\"wp-image-24192\" title=\"\"><figcaption class=\"wp-element-caption\">Kodak Pixpro AZ652 po 11 latach doczeka si\u0119 nast\u0119pcy<\/figcaption><\/figure>\n\n\n\n<p>Premiera Kodak Pixpro AZ653, b\u0119d\u0105cego nast\u0119pc\u0105 wycofanego ze sprzeda\u017cy AZ652, odb\u0119dzie si\u0119 podczas dorocznych targ\u00f3w elektroniki IFA w Berlinie, kt\u00f3re rozpoczn\u0105 si\u0119 ju\u017c 5 wrze\u015bnia. M\u00f3wimy o nast\u0119pcy, bo sugeruje to zar\u00f3wno numeracja, jak i specyfikacja. Aparat zachowa\u0107 ma zoom optyczny 65\u00d7, z optyczn\u0105 stabilizacj\u0105 obrazu, matryc\u0119 CMOS 1\/2.3\u2033 rozdzielczo\u015bci oko\u0142o 20\u202fMP i elektroniczny wizjer.<\/p>\n\n\n\n<p>W przeciwie\u0144stwie do zaprezentowanego w 2014 roku poprzednika 3-calowy ekran LCD o rozdzielczo\u015bci oko\u0142o 0,5 megapiksela b\u0119dzie sta\u0142y. Poprzednik mia\u0142 rozk\u0142adany i obracany ekran. Po wyczekiwanym ponad 10 lat upgradzie spodziewali\u015bmy si\u0119 polepszenia specyfikacji, a nie dodania wymaganego w UE portu USB-C i wykastrowania z aparatu z jednej z wa\u017cnych funkcji. Aparat nie b\u0119dzie tak\u017ce oferowa\u0142 nagrywania w 4K, ograniczaj\u0105c si\u0119 do rozdzielczo\u015bci FullHD.<\/p>\n\n\n\n<figure class=\"wp-block-embed is-type-wp-embed is-provider-sta-ka-pl wp-block-embed-sta-ka-pl\"><div class=\"wp-block-embed__wrapper\">\n<blockquote class=\"wp-embedded-content\" data-secret=\"dQ61GQ3Gp4\"><a href=\"https:\/\/dailyweb.pl\/stalka\/w-japonii-krol-kompaktow-jest-jeden-i-zaloze-sie-ze-nie-masz-pojecia-kto-nim-jest\/\">W Japonii kr\u00f3l kompakt\u00f3w jest jeden i za\u0142o\u017c\u0119 si\u0119, \u017ce nie masz poj\u0119cia, kto nim jest<\/a><\/blockquote><iframe class=\"wp-embedded-content\" sandbox=\"allow-scripts\" security=\"restricted\" style=\"position: absolute; visibility: hidden;\" title=\"&#8222;W Japonii kr\u00f3l kompakt\u00f3w jest jeden i za\u0142o\u017c\u0119 si\u0119, \u017ce nie masz poj\u0119cia, kto nim jest&#8221; &#8212; sta\u0142ka.pl\" src=\"https:\/\/dailyweb.pl\/stalka\/w-japonii-krol-kompaktow-jest-jeden-i-zaloze-sie-ze-nie-masz-pojecia-kto-nim-jest\/embed\/#?secret=MXNabNXhwG#?secret=dQ61GQ3Gp4\" data-secret=\"dQ61GQ3Gp4\" width=\"600\" height=\"338\" frameborder=\"0\" marginwidth=\"0\" marginheight=\"0\" scrolling=\"no\"><\/iframe>\n<\/div><\/figure>\n\n\n\n<p>Premiera Kodak Pixpro AZ653 odb\u0119dzie si\u0119 na targach IFA 2025. W sprzeda\u017cy pojawi\u0107 ma si\u0119 od drugiej po\u0142owy 2025 roku. Cho\u0107 aparat\u00f3w z takim zoomem jest na rynku jak na lekarstwo, to przez specyfikacj\u0119 z minionej epoki nie wr\u00f3\u017c\u0119 aparatowi Kodaka sukcesu.<\/p>\n\n\n\n<p><\/p>\n","protected":false},"excerpt":{"rendered":"<div class=\"nofuss_excerpt\"><p>Kodak szykuje aparat z pot\u0119\u017cnym zoomem. Premiera? Ju\u017c na wrze\u015bniowych IFA w Berlinie.<\/p>\n<\/div>","protected":false},"author":2,"featured_media":24189,"comment_status":"open","ping_status":"open","sticky":false,"template":"","format":"standard","meta":{"_acf_changed":false,"footnotes":""},"categories":[1],"tags":[105,879],"class_list":["post-24185","post","type-post","status-publish","format-standard","has-post-thumbnail","hentry","category-aktualnosci","tag-kodak","tag-kodak-pixpro-az653"],"acf":[],"_links":{"self":[{"href":"https:\/\/dailyweb.pl\/stalka\/wp-json\/wp\/v2\/posts\/24185","targetHints":{"allow":["GET"]}}],"collection":[{"href":"https:\/\/dailyweb.pl\/stalka\/wp-json\/wp\/v2\/posts"}],"about":[{"href":"https:\/\/dailyweb.pl\/stalka\/wp-json\/wp\/v2\/types\/post"}],"author":[{"embeddable":true,"href":"https:\/\/dailyweb.pl\/stalka\/wp-json\/wp\/v2\/users\/2"}],"replies":[{"embeddable":true,"href":"https:\/\/dailyweb.pl\/stalka\/wp-json\/wp\/v2\/comments?post=24185"}],"version-history":[{"count":10,"href":"https:\/\/dailyweb.pl\/stalka\/wp-json\/wp\/v2\/posts\/24185\/revisions"}],"predecessor-version":[{"id":24198,"href":"https:\/\/dailyweb.pl\/stalka\/wp-json\/wp\/v2\/posts\/24185\/revisions\/24198"}],"wp:featuredmedia":[{"embeddable":true,"href":"https:\/\/dailyweb.pl\/stalka\/wp-json\/wp\/v2\/media\/24189"}],"wp:attachment":[{"href":"https:\/\/dailyweb.pl\/stalka\/wp-json\/wp\/v2\/media?parent=24185"}],"wp:term":[{"taxonomy":"category","embeddable":true,"href":"https:\/\/dailyweb.pl\/stalka\/wp-json\/wp\/v2\/categories?post=24185"},{"taxonomy":"post_tag","embeddable":true,"href":"https:\/\/dailyweb.pl\/stalka\/wp-json\/wp\/v2\/tags?post=24185"}],"curies":[{"name":"wp","href":"https:\/\/api.w.org\/{rel}","templated":true}]}}