{"id":23457,"date":"2025-07-18T12:20:03","date_gmt":"2025-07-18T10:20:03","guid":{"rendered":"https:\/\/dailyweb.pl\/stalka\/?p=23457"},"modified":"2025-07-18T12:20:04","modified_gmt":"2025-07-18T10:20:04","slug":"kase-kolejna-chinska-marka-pokazala-swoj-obiektyw-z-af","status":"publish","type":"post","link":"https:\/\/dailyweb.pl\/stalka\/kase-kolejna-chinska-marka-pokazala-swoj-obiektyw-z-af\/","title":{"rendered":"Kase \u2013 kolejna chi\u0144ska marka pokaza\u0142a sw\u00f3j obiektyw z AF"},"content":{"rendered":"\n<p>Kase to kolejna chi\u0144ska marka, tworz\u0105ca dotychczas filtry i inne akcesoria, kt\u00f3ra chce powalczy\u0107 na rynku obiektyw\u00f3w. Cieszy mnie ta przemiana, bo do tej pory tanie chi\u0144skie obiektywy by\u0142y raczej konstrukcjami manualnymi, a w 2025 roku na manualny obiektyw mo\u017ce pozwoli\u0107 sobie Zeiss albo Voigtl\u00e4nder, a i tak niekt\u00f3rzy b\u0119d\u0105 kr\u0119ci\u0107 nosem.<\/p>\n\n\n\n<h2 class=\"wp-block-heading\">Kase AF 85mm f1.4 dla Sony E i Nikon Z<\/h2>\n\n\n\n<figure class=\"wp-block-image size-full\"><img fetchpriority=\"high\" decoding=\"async\" width=\"800\" height=\"800\" src=\"https:\/\/dailyweb.pl\/stalka\/wp-content\/uploads\/2025\/07\/kase_af_85_f1.4.webp\" alt=\"\" class=\"wp-image-23484\" title=\"\" srcset=\"https:\/\/dailyweb.pl\/stalka\/wp-content\/uploads\/2025\/07\/kase_af_85_f1.4.webp 800w, https:\/\/dailyweb.pl\/stalka\/wp-content\/uploads\/2025\/07\/kase_af_85_f1.4-300x300.webp 300w, https:\/\/dailyweb.pl\/stalka\/wp-content\/uploads\/2025\/07\/kase_af_85_f1.4-150x150.webp 150w, https:\/\/dailyweb.pl\/stalka\/wp-content\/uploads\/2025\/07\/kase_af_85_f1.4-768x768.webp 768w, https:\/\/dailyweb.pl\/stalka\/wp-content\/uploads\/2025\/07\/kase_af_85_f1.4-80x80.webp 80w\" sizes=\"(max-width: 800px) 100vw, 800px\" \/><\/figure>\n\n\n\n<p>Kase zacz\u0119\u0142o tak, jak wielu producent\u00f3w lubi zacz\u0105\u0107 \u2013\u00a0od jasnej portret\u00f3wki. 85 milimetr\u00f3w to idealna ogniskowa w\u0142a\u015bnie, gdy chcemy fotografowa\u0107 ludzi, cho\u0107 ja <a href=\"https:\/\/dailyweb.pl\/stalka\/dwa-niedrogie-obiektywy-rf-ktore-zaskocza-cie-swoja-jakoscia\/\" data-type=\"post\" data-id=\"13652\" target=\"_blank\" rel=\"noreferrer noopener\">udowadnia\u0142em, \u017ce nada si\u0119 nawet na streecie.<\/a> Propozycj\u0119 od Kase wyposa\u017cono w silnik autofokusa STM, co powinno pozwoli\u0107 na szybkie, precyzyjne i ciche ustawianie ostro\u015bci. Maksymalna przys\u0142ona na poziomie F1.4 powinna gwarantowa\u0107 pi\u0119kne odci\u0119cie t\u0142a.<\/p>\n\n\n\n<p>Na konstrukcj\u0119 optyczn\u0105 tego obiektywu sk\u0142ada si\u0119 10 grup i 13 element\u00f3w (w tym 5 element\u00f3w niskodyspersyjnych oraz 2 o wysokim wsp\u00f3\u0142czynniku za\u0142amania \u015bwiat\u0142a). W teorii zastosowanie szk\u0142a niskodyspersyjnego oraz o wysokim wsp\u00f3\u0142czynniku za\u0142amania znacz\u0105co poprawia jako\u015b\u0107 optyczn\u0105 obiektywu, skutecznie redukuj\u0105c odblaski i efekty flary. Nawet przy fotografowaniu pod \u015bwiat\u0142o mo\u017cliwe jest wi\u0119c uzyskanie obraz\u00f3w o wysokim kontra\u015bcie, ostro\u015bci i dok\u0142adnym odwzorowaniu kolor\u00f3w.<\/p>\n\n\n\n<figure class=\"wp-block-embed is-type-wp-embed is-provider-sta-ka-pl wp-block-embed-sta-ka-pl\"><div class=\"wp-block-embed__wrapper\">\n<blockquote class=\"wp-embedded-content\" data-secret=\"PxQppN7FX4\"><a href=\"https:\/\/dailyweb.pl\/stalka\/samyang-wprowadza-na-rynek-dwa-lekkie-obiektywy-z-serii-prima\/\">Samyang wprowadza na rynek dwa lekkie obiektywy z serii Prima<\/a><\/blockquote><iframe class=\"wp-embedded-content\" sandbox=\"allow-scripts\" security=\"restricted\" style=\"position: absolute; visibility: hidden;\" title=\"&#8222;Samyang wprowadza na rynek dwa lekkie obiektywy z serii Prima&#8221; &#8212; sta\u0142ka.pl\" src=\"https:\/\/dailyweb.pl\/stalka\/samyang-wprowadza-na-rynek-dwa-lekkie-obiektywy-z-serii-prima\/embed\/#?secret=YhoHViKDS5#?secret=PxQppN7FX4\" data-secret=\"PxQppN7FX4\" width=\"600\" height=\"338\" frameborder=\"0\" marginwidth=\"0\" marginheight=\"0\" scrolling=\"no\"><\/iframe>\n<\/div><\/figure>\n\n\n\n<p>Obiektyw wyceniono na 738 dolar\u00f3w, niezale\u017cnie od wybranego bagnetu. Obiektyw mo\u017cecie ju\u017c zam\u00f3wi\u0107 w serwisie ebay. <\/p>\n","protected":false},"excerpt":{"rendered":"<div class=\"nofuss_excerpt\"><p>Jasna portret\u00f3wka od Kase. <\/p>\n<\/div>","protected":false},"author":2,"featured_media":23485,"comment_status":"open","ping_status":"open","sticky":false,"template":"","format":"standard","meta":{"_acf_changed":false,"footnotes":""},"categories":[1],"tags":[868,869,218,243],"class_list":["post-23457","post","type-post","status-publish","format-standard","has-post-thumbnail","hentry","category-aktualnosci","tag-kase","tag-kase-af-85mm-f1-4","tag-nikon-z","tag-sony-e-2"],"acf":[],"_links":{"self":[{"href":"https:\/\/dailyweb.pl\/stalka\/wp-json\/wp\/v2\/posts\/23457","targetHints":{"allow":["GET"]}}],"collection":[{"href":"https:\/\/dailyweb.pl\/stalka\/wp-json\/wp\/v2\/posts"}],"about":[{"href":"https:\/\/dailyweb.pl\/stalka\/wp-json\/wp\/v2\/types\/post"}],"author":[{"embeddable":true,"href":"https:\/\/dailyweb.pl\/stalka\/wp-json\/wp\/v2\/users\/2"}],"replies":[{"embeddable":true,"href":"https:\/\/dailyweb.pl\/stalka\/wp-json\/wp\/v2\/comments?post=23457"}],"version-history":[{"count":6,"href":"https:\/\/dailyweb.pl\/stalka\/wp-json\/wp\/v2\/posts\/23457\/revisions"}],"predecessor-version":[{"id":23490,"href":"https:\/\/dailyweb.pl\/stalka\/wp-json\/wp\/v2\/posts\/23457\/revisions\/23490"}],"wp:featuredmedia":[{"embeddable":true,"href":"https:\/\/dailyweb.pl\/stalka\/wp-json\/wp\/v2\/media\/23485"}],"wp:attachment":[{"href":"https:\/\/dailyweb.pl\/stalka\/wp-json\/wp\/v2\/media?parent=23457"}],"wp:term":[{"taxonomy":"category","embeddable":true,"href":"https:\/\/dailyweb.pl\/stalka\/wp-json\/wp\/v2\/categories?post=23457"},{"taxonomy":"post_tag","embeddable":true,"href":"https:\/\/dailyweb.pl\/stalka\/wp-json\/wp\/v2\/tags?post=23457"}],"curies":[{"name":"wp","href":"https:\/\/api.w.org\/{rel}","templated":true}]}}