{"id":22597,"date":"2025-07-04T13:08:07","date_gmt":"2025-07-04T11:08:07","guid":{"rendered":"https:\/\/dailyweb.pl\/stalka\/?p=22597"},"modified":"2025-07-04T13:08:08","modified_gmt":"2025-07-04T11:08:08","slug":"sony-planuje-wprowadzic-na-rynek-fe-100mm-f2-8-macro-gm-oss","status":"publish","type":"post","link":"https:\/\/dailyweb.pl\/stalka\/sony-planuje-wprowadzic-na-rynek-fe-100mm-f2-8-macro-gm-oss\/","title":{"rendered":"Sony planuje wprowadzi\u0107 na rynek FE 100mm F2.8 Macro GM OSS?"},"content":{"rendered":"\n<p>Sony nie rozpieszcza nas w tym roku aparatami, ale nowych obiektyw\u00f3w mamy pod dostatkiem. Po <a href=\"https:\/\/dailyweb.pl\/stalka\/sony-zaprezentowal-wyjatkowy-obiektyw-fe-50-150-mm-f2-gm\/\" target=\"_blank\" rel=\"noreferrer noopener\">FE 50\u2013150\u00a0mm F2 GM<\/a>, <a href=\"https:\/\/dailyweb.pl\/stalka\/fe-400-800-mm-f6-3-8-g-oss\/\" target=\"_blank\" rel=\"noreferrer noopener\">FE 400\u2013800\u00a0mm F6.3\u20138 G OSS<\/a>\u00a0i <a href=\"https:\/\/dailyweb.pl\/stalka\/sony-pokazalo-swietny-obiektyw-dla-vlogerow-i-fotografow-krajobrazow-poznajcie-fe-16-mm-f1-8-g\/\" target=\"_blank\" data-type=\"post\" data-id=\"18018\" rel=\"noreferrer noopener\">FE\u00a016\u00a0mm\u00a0F1.8 G<\/a>, kt\u00f3re opisywali\u015bmy na sta\u0142ce przysz\u0142a pora na Sony FE 100mm F2.8 Macro GM OSS?<\/p>\n\n\n\n<h2 class=\"wp-block-heading\">Sony FE 100mm F2.8 Macro GM OSS ju\u017c nied\u0142ugo?<\/h2>\n\n\n\n<figure class=\"wp-block-embed is-type-rich is-provider-twitter wp-block-embed-twitter\"><div class=\"wp-block-embed__wrapper\">\n<blockquote class=\"twitter-tweet\" data-width=\"550\" data-dnt=\"true\"><p lang=\"en\" dir=\"ltr\">Sony is testing a new full-frame macro lens, the FE 100mm F2.8 Macro GM OSS.<\/p>&mdash; how2fly (@camerainsider) <a href=\"https:\/\/twitter.com\/camerainsider\/status\/1940772120390521149?ref_src=twsrc%5Etfw\" rel=\"nofollow noopener\" target=\"_blank\">July 3, 2025<\/a><\/blockquote><script async src=\"https:\/\/platform.twitter.com\/widgets.js\" charset=\"utf-8\"><\/script>\n<\/div><\/figure>\n\n\n\n<p>Informacja o nowym obiektywie pochodzi z konta howtofly, czy jak kto woli @camerainsider, z serwisu X. To jedno z bardziej sprawdzonych i wiarygodnych kont, przekazuj\u0105cych przecieki i informacje zakulisowe w bran\u017cy foto. Wielce prawdopodobne jest wi\u0119c, \u017ce rzeczywi\u015bcie Sony FE 100mm F2.8 Macro GM OSS pojawi w sprzeda\u017cy ju\u017c wkr\u00f3tce.<\/p>\n\n\n\n<p>Patrz\u0105c na ogniskow\u0105, to nowe szk\u0142o mog\u0142oby zast\u0105pi\u0107 w lineupie Sony obiektyw FE 100mm F\/2,8 STF GM OSS, kt\u00f3ry w wielu sklepach jest oznaczony, jako sprz\u0119t b\u0119d\u0105cy na wyczerpaniu. Je\u017celi chodzi o aspekt macro, to Sony ma w swojej ofercie obiektyw FE 90 mm f\/2.8 Macro G OSS. Nie jest to jednak seria G Master. Analizuj\u0105c sam lineup Sony, istnienie takiego szk\u0142a jak FE 100mm F2.8 Macro GM OSS wydaje si\u0119 uzasadnione.<\/p>\n\n\n\n<figure class=\"wp-block-embed is-type-wp-embed is-provider-sta-ka-pl wp-block-embed-sta-ka-pl\"><div class=\"wp-block-embed__wrapper\">\n<blockquote class=\"wp-embedded-content\" data-secret=\"ERJ4Xdpz7Q\"><a href=\"https:\/\/dailyweb.pl\/stalka\/dji-mini-5-na-pierwszych-zdjeciach-zadebiutuje-szybciej-niz-mavic-4-pro\/\">DJI Mini 5 na pierwszych zdj\u0119ciach. Zadebiutuje szybciej ni\u017c Mavic 4 Pro?<\/a><\/blockquote><iframe class=\"wp-embedded-content\" sandbox=\"allow-scripts\" security=\"restricted\" style=\"position: absolute; visibility: hidden;\" title=\"&#8222;DJI Mini 5 na pierwszych zdj\u0119ciach. Zadebiutuje szybciej ni\u017c Mavic 4 Pro?&#8221; &#8212; sta\u0142ka.pl\" src=\"https:\/\/dailyweb.pl\/stalka\/dji-mini-5-na-pierwszych-zdjeciach-zadebiutuje-szybciej-niz-mavic-4-pro\/embed\/#?secret=yTq3ePtbJt#?secret=ERJ4Xdpz7Q\" data-secret=\"ERJ4Xdpz7Q\" width=\"600\" height=\"338\" frameborder=\"0\" marginwidth=\"0\" marginheight=\"0\" scrolling=\"no\"><\/iframe>\n<\/div><\/figure>\n\n\n\n<p>Informacja, \u017ce Sony FE 100mm F2.8 Macro GM OSS jest w fazie test\u00f3w, przekazana przez insidera, nie oznacza oczywi\u015bcie, \u017ce obiektyw trafi na rynek w najbli\u017cszej przysz\u0142o\u015bci, ani niestety, \u017ce trafi w og\u00f3le. Trzymamy jednak za niego kciuki, bo wydaje si\u0119, \u017ce przestrze\u0144 na takie szk\u0142o na rynku jest. A Wy co o tym s\u0105dzicie? Kupiliby\u015bcie FE 100mm F2.8 Macro GM OSS do swojego aparatu Sony?<\/p>\n","protected":false},"excerpt":{"rendered":"<div class=\"nofuss_excerpt\"><p>Nowe plotki z obozu Sony.<\/p>\n<\/div>","protected":false},"author":2,"featured_media":16183,"comment_status":"open","ping_status":"open","sticky":false,"template":"","format":"standard","meta":{"_acf_changed":false,"footnotes":""},"categories":[1],"tags":[107,839],"class_list":["post-22597","post","type-post","status-publish","format-standard","has-post-thumbnail","hentry","category-aktualnosci","tag-sony","tag-sony-fe-100mm-f2-8-macro-gm-oss"],"acf":[],"_links":{"self":[{"href":"https:\/\/dailyweb.pl\/stalka\/wp-json\/wp\/v2\/posts\/22597","targetHints":{"allow":["GET"]}}],"collection":[{"href":"https:\/\/dailyweb.pl\/stalka\/wp-json\/wp\/v2\/posts"}],"about":[{"href":"https:\/\/dailyweb.pl\/stalka\/wp-json\/wp\/v2\/types\/post"}],"author":[{"embeddable":true,"href":"https:\/\/dailyweb.pl\/stalka\/wp-json\/wp\/v2\/users\/2"}],"replies":[{"embeddable":true,"href":"https:\/\/dailyweb.pl\/stalka\/wp-json\/wp\/v2\/comments?post=22597"}],"version-history":[{"count":17,"href":"https:\/\/dailyweb.pl\/stalka\/wp-json\/wp\/v2\/posts\/22597\/revisions"}],"predecessor-version":[{"id":22615,"href":"https:\/\/dailyweb.pl\/stalka\/wp-json\/wp\/v2\/posts\/22597\/revisions\/22615"}],"wp:featuredmedia":[{"embeddable":true,"href":"https:\/\/dailyweb.pl\/stalka\/wp-json\/wp\/v2\/media\/16183"}],"wp:attachment":[{"href":"https:\/\/dailyweb.pl\/stalka\/wp-json\/wp\/v2\/media?parent=22597"}],"wp:term":[{"taxonomy":"category","embeddable":true,"href":"https:\/\/dailyweb.pl\/stalka\/wp-json\/wp\/v2\/categories?post=22597"},{"taxonomy":"post_tag","embeddable":true,"href":"https:\/\/dailyweb.pl\/stalka\/wp-json\/wp\/v2\/tags?post=22597"}],"curies":[{"name":"wp","href":"https:\/\/api.w.org\/{rel}","templated":true}]}}