{"id":22584,"date":"2025-07-04T11:16:12","date_gmt":"2025-07-04T09:16:12","guid":{"rendered":"https:\/\/dailyweb.pl\/stalka\/?p=22584"},"modified":"2025-07-04T11:16:13","modified_gmt":"2025-07-04T09:16:13","slug":"meike-af-35mm-f-1-8-pro-dostepny-w-preorderze-dla-mocowan-z-e-l","status":"publish","type":"post","link":"https:\/\/dailyweb.pl\/stalka\/meike-af-35mm-f-1-8-pro-dostepny-w-preorderze-dla-mocowan-z-e-l\/","title":{"rendered":"Meike AF 35mm f\/1.8 Pro dost\u0119pny w preorderze dla mocowa\u0144 Z\/E\/L"},"content":{"rendered":"\n<p class=\"wp-block-paragraph\">Po zaprezentowanych w zesz\u0142ym roku <a href=\"https:\/\/dailyweb.pl\/stalka\/meike-af-55mm-f-1-8-pro-nowy-obiektyw-do-aparatow-z-mocowaniem-fe-z-l\/\" target=\"_blank\" rel=\"noreferrer noopener\">uniwersalnym 55mm<\/a> i <a href=\"https:\/\/dailyweb.pl\/stalka\/meike-z-nowym-obiektywem-85mm-f1-8-z-autofokusem-dla-mocowan-e-z-l\/\" target=\"_blank\" rel=\"noreferrer noopener\">portretowym 85mm<\/a> Meike pokazuje kolejn\u0105 jasn\u0105 sta\u0142k\u0119 z autofokusem, zaprojektowan\u0105 z my\u015bl\u0105 o u\u017cytkownikach system\u00f3w E\/Z\/L.<\/p>\n\n\n\n<h2 class=\"wp-block-heading\">Meike AF 35mm f\/1.8 Pro \u2013 nowe szk\u0142o<\/h2>\n\n\n\n<figure class=\"wp-block-image size-large\"><img fetchpriority=\"high\" decoding=\"async\" width=\"1024\" height=\"1024\" src=\"https:\/\/dailyweb.pl\/stalka\/wp-content\/uploads\/2025\/07\/3518-pro-_1_1028x1028-1024x1024.webp\" alt=\"\" class=\"wp-image-22587\" title=\"\" srcset=\"https:\/\/dailyweb.pl\/stalka\/wp-content\/uploads\/2025\/07\/3518-pro-_1_1028x1028-1024x1024.webp 1024w, https:\/\/dailyweb.pl\/stalka\/wp-content\/uploads\/2025\/07\/3518-pro-_1_1028x1028-300x300.webp 300w, https:\/\/dailyweb.pl\/stalka\/wp-content\/uploads\/2025\/07\/3518-pro-_1_1028x1028-150x150.webp 150w, https:\/\/dailyweb.pl\/stalka\/wp-content\/uploads\/2025\/07\/3518-pro-_1_1028x1028-768x768.webp 768w, https:\/\/dailyweb.pl\/stalka\/wp-content\/uploads\/2025\/07\/3518-pro-_1_1028x1028-80x80.webp 80w, https:\/\/dailyweb.pl\/stalka\/wp-content\/uploads\/2025\/07\/3518-pro-_1_1028x1028.webp 1028w\" sizes=\"(max-width: 1024px) 100vw, 1024px\" \/><\/figure>\n\n\n\n<p class=\"wp-block-paragraph\">Meike ju\u017c w zesz\u0142e wakacje og\u0142osi\u0142o roadmap\u0119 nowych obiektyw\u00f3w. Meike AF 35mm f\/1.8 Pro znajdowa\u0142 si\u0119 na tej li\u015bcie, zaraz za Meike AF 15mm f\/1.8 Pro i Meike AF 24mm f\/1.8 Pro. Jak si\u0119 okaza\u0142o, trzydziestka pi\u0105tka, kt\u00f3ra jest swoj\u0105 drog\u0105 moj\u0105 ulubion\u0105 ogniskow\u0105, zadebiutowa\u0142a z tej tr\u00f3jki najszybciej. W sumie mnie to nie dziwi, bo to zdecydowanie najbardziej uniwersalna ogniskowa z tej tr\u00f3jki.<\/p>\n\n\n\n<p class=\"wp-block-paragraph\">Cho\u0107 obiektyw <a href=\"https:\/\/meikeglobal.com\/products\/3518z?sca_ref=2952216.YDOMoiy2zZ\" target=\"_blank\" rel=\"noreferrer noopener nofollow\">pojawi\u0142 si\u0119 ju\u017c w sklepie Meike<\/a>, to nie przeczytamy o nim ani s\u0142owa. Bazuj\u0105c wi\u0119c na zdj\u0119ciach mo\u017cemy stwierdzi\u0107, \u017ce obiektyw wyposa\u017cono w pier\u015bcie\u0144 przys\u0142ony, dzia\u0142aj\u0105cy w zakresie f\/1.8-16 \/ auto, prze\u0142\u0105cznik af\/mf i du\u017cy pier\u015bcie\u0144 ostro\u015bci. <\/p>\n\n\n\n<figure class=\"wp-block-embed is-type-wp-embed is-provider-sta-ka-pl wp-block-embed-sta-ka-pl\"><div class=\"wp-block-embed__wrapper\">\n<blockquote class=\"wp-embedded-content\" data-secret=\"fJQky4ANCQ\"><a href=\"https:\/\/dailyweb.pl\/stalka\/dji-mini-5-na-pierwszych-zdjeciach-zadebiutuje-szybciej-niz-mavic-4-pro\/\">DJI Mini 5 na pierwszych zdj\u0119ciach. Zadebiutuje szybciej ni\u017c Mavic 4 Pro?<\/a><\/blockquote><iframe class=\"wp-embedded-content\" sandbox=\"allow-scripts\" security=\"restricted\" style=\"position: absolute; visibility: hidden;\" title=\"&#8222;DJI Mini 5 na pierwszych zdj\u0119ciach. Zadebiutuje szybciej ni\u017c Mavic 4 Pro?&#8221; &#8212; sta\u0142ka.pl\" src=\"https:\/\/dailyweb.pl\/stalka\/dji-mini-5-na-pierwszych-zdjeciach-zadebiutuje-szybciej-niz-mavic-4-pro\/embed\/#?secret=zmNwgz5osv#?secret=fJQky4ANCQ\" data-secret=\"fJQky4ANCQ\" width=\"600\" height=\"338\" frameborder=\"0\" marginwidth=\"0\" marginheight=\"0\" scrolling=\"no\"><\/iframe>\n<\/div><\/figure>\n\n\n\n<p class=\"wp-block-paragraph\">Obiektyw, niezale\u017cnie od mocowania, wyceniono na 369 dolar\u00f3w. W otwartej sprzeda\u017cy b\u0119d\u0105 dost\u0119pne od 31 lipca, jednak ju\u017c mo\u017cna sk\u0142ada\u0107 zam\u00f3wienia preorderowe.<\/p>\n","protected":false},"excerpt":{"rendered":"<div class=\"nofuss_excerpt\"><p>Nowy obiektyw od Meike trafi\u0142 w\u0142a\u015bnie do sprzeda\u017cy.<\/p>\n<\/div>","protected":false},"author":2,"featured_media":22594,"comment_status":"open","ping_status":"open","sticky":false,"template":"","format":"standard","meta":{"_acf_changed":false,"footnotes":""},"categories":[1],"tags":[464,838],"class_list":["post-22584","post","type-post","status-publish","format-standard","has-post-thumbnail","hentry","category-aktualnosci","tag-meike","tag-meike-af-35mm-f-1-8-pro"],"acf":[],"_links":{"self":[{"href":"https:\/\/dailyweb.pl\/stalka\/wp-json\/wp\/v2\/posts\/22584","targetHints":{"allow":["GET"]}}],"collection":[{"href":"https:\/\/dailyweb.pl\/stalka\/wp-json\/wp\/v2\/posts"}],"about":[{"href":"https:\/\/dailyweb.pl\/stalka\/wp-json\/wp\/v2\/types\/post"}],"author":[{"embeddable":true,"href":"https:\/\/dailyweb.pl\/stalka\/wp-json\/wp\/v2\/users\/2"}],"replies":[{"embeddable":true,"href":"https:\/\/dailyweb.pl\/stalka\/wp-json\/wp\/v2\/comments?post=22584"}],"version-history":[{"count":9,"href":"https:\/\/dailyweb.pl\/stalka\/wp-json\/wp\/v2\/posts\/22584\/revisions"}],"predecessor-version":[{"id":22596,"href":"https:\/\/dailyweb.pl\/stalka\/wp-json\/wp\/v2\/posts\/22584\/revisions\/22596"}],"wp:featuredmedia":[{"embeddable":true,"href":"https:\/\/dailyweb.pl\/stalka\/wp-json\/wp\/v2\/media\/22594"}],"wp:attachment":[{"href":"https:\/\/dailyweb.pl\/stalka\/wp-json\/wp\/v2\/media?parent=22584"}],"wp:term":[{"taxonomy":"category","embeddable":true,"href":"https:\/\/dailyweb.pl\/stalka\/wp-json\/wp\/v2\/categories?post=22584"},{"taxonomy":"post_tag","embeddable":true,"href":"https:\/\/dailyweb.pl\/stalka\/wp-json\/wp\/v2\/tags?post=22584"}],"curies":[{"name":"wp","href":"https:\/\/api.w.org\/{rel}","templated":true}]}}