{"id":22203,"date":"2025-06-25T11:24:39","date_gmt":"2025-06-25T09:24:39","guid":{"rendered":"https:\/\/dailyweb.pl\/stalka\/?p=22203"},"modified":"2025-06-25T11:24:40","modified_gmt":"2025-06-25T09:24:40","slug":"thypoch-dodaje-do-linii-simera-nowy-obiektyw-21mm-f-1-4-asph","status":"publish","type":"post","link":"https:\/\/dailyweb.pl\/stalka\/thypoch-dodaje-do-linii-simera-nowy-obiektyw-21mm-f-1-4-asph\/","title":{"rendered":"Thypoch dodaje do linii Simera nowy obiektyw 21mm f\/1.4 ASPH"},"content":{"rendered":"\n<p>Thypoch, marka zale\u017cna od DZOfilm, wzbogaci\u0142a seri\u0119 Simera o ultraszerokok\u0105tny obiektyw zaprojektowany dla bagnetu Leica M.<\/p>\n\n\n\n<h2 class=\"wp-block-heading\">Thypoch Simera 21mm f\/1.4 ASPH<\/h2>\n\n\n\n<figure class=\"wp-block-image size-large\"><img fetchpriority=\"high\" decoding=\"async\" width=\"1024\" height=\"683\" src=\"https:\/\/dailyweb.pl\/stalka\/wp-content\/uploads\/2025\/06\/simera21-p6-1-2-1024x683.webp\" alt=\"\" class=\"wp-image-22208\" title=\"\" srcset=\"https:\/\/dailyweb.pl\/stalka\/wp-content\/uploads\/2025\/06\/simera21-p6-1-2-1024x683.webp 1024w, https:\/\/dailyweb.pl\/stalka\/wp-content\/uploads\/2025\/06\/simera21-p6-1-2-300x200.webp 300w, https:\/\/dailyweb.pl\/stalka\/wp-content\/uploads\/2025\/06\/simera21-p6-1-2-768x512.webp 768w, https:\/\/dailyweb.pl\/stalka\/wp-content\/uploads\/2025\/06\/simera21-p6-1-2.webp 1440w\" sizes=\"(max-width: 1024px) 100vw, 1024px\" \/><\/figure>\n\n\n\n<p>Do tej pory w ofercie linii Simera by\u0142y modele 28, 35, 50 i 75\u202fmm \u2013 wszystkie z jasn\u0105 przys\u0142on\u0105 f\/1.4 Teraz rozszerzono j\u0105 o ultraszerokok\u0105tny obiektyw 21mm f\/1.4 ASPH. Dedykowany do fotografii krajobrazowej, ulicznej, dokumentalnej oraz pracy w s\u0142abym \u015bwietle obiektyw przygotowano oczywi\u015bcie z my\u015bl\u0105 o\u00a0Leica M-mount.<\/p>\n\n\n\n<blockquote class=\"wp-block-quote is-layout-flow wp-block-quote-is-layout-flow\">\n<p>Ogniskowa 21 mm jest ulubion\u0105 ogniskow\u0105 w opowiadaniu historii filmowych, znan\u0105 ze swojej zdolno\u015bci do pokazywania rozleg\u0142ych przestrzeni lub dramatycznych szczeg\u00f3\u0142\u00f3w. Od czas\u00f3w filmu Super 35 do dzisiejszych aparat\u00f3w pe\u0142noklatkowych, ta ogniskowa by\u0142a uwielbiana za sw\u00f3j spokojny, ale nieco surrealistyczny wygl\u0105d.\u00a0<\/p>\n<\/blockquote>\n\n\n\n<p>Uk\u0142ad optyczny nowego obiektywu to 13\u202felement\u00f3w w 11\u202fgrupach, w tym 2 soczewki asferyczne, 3 ED (low dispersion) i 3 HRI (wysokiego wsp\u00f3\u0142czynnika). Gwarantowa\u0107 ma to praktycznie ca\u0142kowit\u0105 eliminacj\u0119 dystorsji i aberracji chromatycznych, oferuj\u0105 wysok\u0105 ostro\u015b\u0107 od centrum a\u017c po brzegi. Za pi\u0119kne, okr\u0105g\u0142e bokeh odpowiada\u0107 ma 14-listkowa, \u201ekinowa\u201d konstrukcja przys\u0142ony, dzia\u0142aj\u0105cej w zakresie f\/1.4\u2013f\/16.<\/p>\n\n\n\n<figure class=\"wp-block-image size-full\"><img decoding=\"async\" width=\"960\" height=\"510\" src=\"https:\/\/dailyweb.pl\/stalka\/wp-content\/uploads\/2025\/06\/simera21-p3-1-en.webp\" alt=\"\" class=\"wp-image-22209\" title=\"\" srcset=\"https:\/\/dailyweb.pl\/stalka\/wp-content\/uploads\/2025\/06\/simera21-p3-1-en.webp 960w, https:\/\/dailyweb.pl\/stalka\/wp-content\/uploads\/2025\/06\/simera21-p3-1-en-300x159.webp 300w, https:\/\/dailyweb.pl\/stalka\/wp-content\/uploads\/2025\/06\/simera21-p3-1-en-768x408.webp 768w\" sizes=\"(max-width: 960px) 100vw, 960px\" \/><\/figure>\n\n\n\n<p>Konstrukcja typu floating pozwala na mi\u0119kkie rozmycie t\u0142a nawet przy przys\u0142onie f\/1.4, a tak\u017ce lepsz\u0105 ostro\u015b\u0107 r\u00f3wnie\u017c przy minimalnej odleg\u0142o\u015bci ostrzenia, a minimalna odleg\u0142o\u015b\u0107 ostrzenia w tym obiektywie to zaledwie 0,23\u202fm.<\/p>\n\n\n\n<figure class=\"wp-block-embed is-type-wp-embed is-provider-sta-ka-pl wp-block-embed-sta-ka-pl\"><div class=\"wp-block-embed__wrapper\">\n<blockquote class=\"wp-embedded-content\" data-secret=\"6ipHVBbqrN\"><a href=\"https:\/\/dailyweb.pl\/stalka\/thypoch-odswiezyl-swoje-obiektywy-simera-usuwajac-kontrowersyjny-element\/\">Thypoch od\u015bwie\u017cy\u0142 swoje obiektywy Simera usuwaj\u0105c kontrowersyjny element<\/a><\/blockquote><iframe class=\"wp-embedded-content\" sandbox=\"allow-scripts\" security=\"restricted\" style=\"position: absolute; visibility: hidden;\" title=\"&#8222;Thypoch od\u015bwie\u017cy\u0142 swoje obiektywy Simera usuwaj\u0105c kontrowersyjny element&#8221; &#8212; sta\u0142ka.pl\" src=\"https:\/\/dailyweb.pl\/stalka\/thypoch-odswiezyl-swoje-obiektywy-simera-usuwajac-kontrowersyjny-element\/embed\/#?secret=jpkRwOhO0J#?secret=6ipHVBbqrN\" data-secret=\"6ipHVBbqrN\" width=\"600\" height=\"338\" frameborder=\"0\" marginwidth=\"0\" marginheight=\"0\" scrolling=\"no\"><\/iframe>\n<\/div><\/figure>\n\n\n\n<p>Obiektyw Thypoch Simera 21 mm f\/1.4 jest ju\u017c dost\u0119pny w sprzeda\u017cy. Obiektyw mo\u017cecie kupi\u0107 w kolorze srebrnym lub czarnym, a wyceniono go na 999 dolar\u00f3w.<\/p>\n","protected":false},"excerpt":{"rendered":"<div class=\"nofuss_excerpt\"><p>Linia Simera wzbogaci\u0142a si\u0119 o nowe szk\u0142o.<\/p>\n<\/div>","protected":false},"author":2,"featured_media":22211,"comment_status":"open","ping_status":"open","sticky":false,"template":"","format":"standard","meta":{"_acf_changed":false,"footnotes":""},"categories":[1],"tags":[722,823],"class_list":["post-22203","post","type-post","status-publish","format-standard","has-post-thumbnail","hentry","category-aktualnosci","tag-thypoch","tag-thypoch-simera-21mm-f-1-4-asph"],"acf":[],"_links":{"self":[{"href":"https:\/\/dailyweb.pl\/stalka\/wp-json\/wp\/v2\/posts\/22203","targetHints":{"allow":["GET"]}}],"collection":[{"href":"https:\/\/dailyweb.pl\/stalka\/wp-json\/wp\/v2\/posts"}],"about":[{"href":"https:\/\/dailyweb.pl\/stalka\/wp-json\/wp\/v2\/types\/post"}],"author":[{"embeddable":true,"href":"https:\/\/dailyweb.pl\/stalka\/wp-json\/wp\/v2\/users\/2"}],"replies":[{"embeddable":true,"href":"https:\/\/dailyweb.pl\/stalka\/wp-json\/wp\/v2\/comments?post=22203"}],"version-history":[{"count":8,"href":"https:\/\/dailyweb.pl\/stalka\/wp-json\/wp\/v2\/posts\/22203\/revisions"}],"predecessor-version":[{"id":22215,"href":"https:\/\/dailyweb.pl\/stalka\/wp-json\/wp\/v2\/posts\/22203\/revisions\/22215"}],"wp:featuredmedia":[{"embeddable":true,"href":"https:\/\/dailyweb.pl\/stalka\/wp-json\/wp\/v2\/media\/22211"}],"wp:attachment":[{"href":"https:\/\/dailyweb.pl\/stalka\/wp-json\/wp\/v2\/media?parent=22203"}],"wp:term":[{"taxonomy":"category","embeddable":true,"href":"https:\/\/dailyweb.pl\/stalka\/wp-json\/wp\/v2\/categories?post=22203"},{"taxonomy":"post_tag","embeddable":true,"href":"https:\/\/dailyweb.pl\/stalka\/wp-json\/wp\/v2\/tags?post=22203"}],"curies":[{"name":"wp","href":"https:\/\/api.w.org\/{rel}","templated":true}]}}