{"id":21667,"date":"2025-06-10T09:59:58","date_gmt":"2025-06-10T07:59:58","guid":{"rendered":"https:\/\/dailyweb.pl\/stalka\/?p=21667"},"modified":"2025-06-10T10:10:07","modified_gmt":"2025-06-10T08:10:07","slug":"pelna-klatka-w-fujifilm-a-moze-zapowiedz-cyfrowego-xpan-firma-patentuje-obiektywy","status":"publish","type":"post","link":"https:\/\/dailyweb.pl\/stalka\/pelna-klatka-w-fujifilm-a-moze-zapowiedz-cyfrowego-xpan-firma-patentuje-obiektywy\/","title":{"rendered":"Pe\u0142na klatka w Fujifilm? A mo\u017ce zapowied\u017a cyfrowego XPan? Firma patentuje obiektywy"},"content":{"rendered":"\n<p>\u015aledz\u0105c patenty firm fotograficznych, jeste\u015bmy na wiele miesi\u0119cy przed premier\u0105&nbsp;w stanie dowiedzie\u0107 si\u0119 o planach na nowe produkty. Cz\u0119sto oczywi\u015bcie patenty nie maj\u0105 \u017cadnego odzwierciedlenia w przysz\u0142ych produktach firm, a s\u0105 one tylko odzwierciedleniem pracy dzia\u0142\u00f3w B+R w danej firmie. <\/p>\n\n\n\n<h2 class=\"wp-block-heading\">Fujifilm patentuje kilka obiektyw\u00f3w<\/h2>\n\n\n\n<figure class=\"wp-block-image size-large\"><img fetchpriority=\"high\" decoding=\"async\" width=\"825\" height=\"1024\" src=\"https:\/\/dailyweb.pl\/stalka\/wp-content\/uploads\/2025\/06\/FF-35mm-F2-825x1024.webp\" alt=\"\" class=\"wp-image-21673\" title=\"\" srcset=\"https:\/\/dailyweb.pl\/stalka\/wp-content\/uploads\/2025\/06\/FF-35mm-F2-825x1024.webp 825w, https:\/\/dailyweb.pl\/stalka\/wp-content\/uploads\/2025\/06\/FF-35mm-F2-242x300.webp 242w, https:\/\/dailyweb.pl\/stalka\/wp-content\/uploads\/2025\/06\/FF-35mm-F2-768x953.webp 768w, https:\/\/dailyweb.pl\/stalka\/wp-content\/uploads\/2025\/06\/FF-35mm-F2.webp 956w\" sizes=\"(max-width: 825px) 100vw, 825px\" \/><\/figure>\n\n\n\n<p><a href=\"https:\/\/asobinet.com\/fujifilm-files-patent-applications-for-optical-systems-such-as-the-20mm-f2-8-gfx-18mm-f2-8-aps-c-and-40mm-f2-ff\/\" target=\"_blank\" rel=\"noreferrer noopener nofollow\">Serwis Asobinet<\/a> dotar\u0142 do patent\u00f3w, opublikowanych wczoraj, kt\u00f3re datuje si\u0119 na listopad 2023 roku. Fujifilm rejestruje w nim kilka uk\u0142ad\u00f3w optycznych. Budowa cz\u0119\u015bci z nich mo\u017ce sugerowa\u0107, \u017ce zosta\u0142y zbudowane z my\u015bl\u0105 o&#8230; pe\u0142nej klatce! <a href=\"https:\/\/dailyweb.pl\/stalka\/trzy-nowosci-digitalizacja-i-najlepiej-sprzedajacy-sie-aparat-swiata-odwiedzilismy-stoisko-fujifilm-festiwal-fotoforma-2024\/\" target=\"_blank\" rel=\"noreferrer noopener\">Fujifilm zarzeka si\u0119<\/a>, \u017ce nie potrzebuje pe\u0142nej klatki, bo ich aparaty z matrycami APS-C radz\u0105 sobie na rynku znakomicie, a dla bardziej wymagaj\u0105cych klient\u00f3w jest seria GFX. Oficjalnie wi\u0119c Fujifilm nie planuje aparat\u00f3w full frame, ale patenty zasiewaj\u0105 ziarno niepewno\u015bci.<\/p>\n\n\n\n<p>Patent, a w\u0142a\u015bciwie niekt\u00f3re z przyk\u0142ad\u00f3w, zasia\u0142y ziarno jeszcze pod jeden ciekawy aparat. Mistral, w komentarzu w serwisie Fuji Rumors, podzieli\u0142 si\u0119 inn\u0105 refleksj\u0105. Jego zdaniem bardzo du\u017cy k\u0105t widzenia: 90\u00b0 do 110\u00b0 oraz zbyt kr\u00f3tki tylny fokus dla wymiennego obiektywu: 9 mm do 13 mm, sugeruj\u0105, \u017ce mo\u017ce chodzi\u0107 o obiektyw do cyfrowego nast\u0119pcy serii XPan. Od jakiego\u015b czasu m\u00f3wi si\u0119, \u017ce cyfrowy aparat panoramiczny Fujifilm TX-3, m\u00f3g\u0142by pojawi\u0107 si\u0119 w 2028 roku i ten patent mo\u017ce przybli\u017cy\u0107 go na rynek. <\/p>\n\n\n\n<figure class=\"wp-block-embed is-type-wp-embed is-provider-sta-ka-pl wp-block-embed-sta-ka-pl\"><div class=\"wp-block-embed__wrapper\">\n<blockquote class=\"wp-embedded-content\" data-secret=\"o9RDGSxK4m\"><a href=\"https:\/\/dailyweb.pl\/stalka\/fujifilm-x-e5-na-pierwszych-zdjeciach-a-wraz-z-nim-nowy-obiektyw\/\">Fujifilm X-E5 na pierwszych zdj\u0119ciach, a wraz z nim nowy obiektyw<\/a><\/blockquote><iframe class=\"wp-embedded-content\" sandbox=\"allow-scripts\" security=\"restricted\" style=\"position: absolute; visibility: hidden;\" title=\"&#8222;Fujifilm X-E5 na pierwszych zdj\u0119ciach, a wraz z nim nowy obiektyw&#8221; &#8212; sta\u0142ka.pl\" src=\"https:\/\/dailyweb.pl\/stalka\/fujifilm-x-e5-na-pierwszych-zdjeciach-a-wraz-z-nim-nowy-obiektyw\/embed\/#?secret=kZTACpEmcq#?secret=o9RDGSxK4m\" data-secret=\"o9RDGSxK4m\" width=\"600\" height=\"338\" frameborder=\"0\" marginwidth=\"0\" marginheight=\"0\" scrolling=\"no\"><\/iframe>\n<\/div><\/figure>\n\n\n\n<p>Dajcie zna\u0107, co s\u0105dzicie o tym patencie. My\u015blicie, \u017ce taki aparat, jak Fujifilm TX-3 znalaz\u0142by swoje miejsce na rynku? Fujifilm wyda\u0142o cyfrowy aparat p\u00f3\u0142klatkowy, wi\u0119c czemu nie aparat panoramiczny.<\/p>\n","protected":false},"excerpt":{"rendered":"<div class=\"nofuss_excerpt\"><p>Kilka ciekawych patent\u00f3w zg\u0142osi\u0142o Fujifilm.<\/p>\n<\/div>","protected":false},"author":2,"featured_media":8107,"comment_status":"open","ping_status":"open","sticky":false,"template":"","format":"standard","meta":{"_acf_changed":false,"footnotes":""},"categories":[1],"tags":[113],"class_list":["post-21667","post","type-post","status-publish","format-standard","has-post-thumbnail","hentry","category-aktualnosci","tag-fujifilm"],"acf":[],"_links":{"self":[{"href":"https:\/\/dailyweb.pl\/stalka\/wp-json\/wp\/v2\/posts\/21667","targetHints":{"allow":["GET"]}}],"collection":[{"href":"https:\/\/dailyweb.pl\/stalka\/wp-json\/wp\/v2\/posts"}],"about":[{"href":"https:\/\/dailyweb.pl\/stalka\/wp-json\/wp\/v2\/types\/post"}],"author":[{"embeddable":true,"href":"https:\/\/dailyweb.pl\/stalka\/wp-json\/wp\/v2\/users\/2"}],"replies":[{"embeddable":true,"href":"https:\/\/dailyweb.pl\/stalka\/wp-json\/wp\/v2\/comments?post=21667"}],"version-history":[{"count":14,"href":"https:\/\/dailyweb.pl\/stalka\/wp-json\/wp\/v2\/posts\/21667\/revisions"}],"predecessor-version":[{"id":21685,"href":"https:\/\/dailyweb.pl\/stalka\/wp-json\/wp\/v2\/posts\/21667\/revisions\/21685"}],"wp:featuredmedia":[{"embeddable":true,"href":"https:\/\/dailyweb.pl\/stalka\/wp-json\/wp\/v2\/media\/8107"}],"wp:attachment":[{"href":"https:\/\/dailyweb.pl\/stalka\/wp-json\/wp\/v2\/media?parent=21667"}],"wp:term":[{"taxonomy":"category","embeddable":true,"href":"https:\/\/dailyweb.pl\/stalka\/wp-json\/wp\/v2\/categories?post=21667"},{"taxonomy":"post_tag","embeddable":true,"href":"https:\/\/dailyweb.pl\/stalka\/wp-json\/wp\/v2\/tags?post=21667"}],"curies":[{"name":"wp","href":"https:\/\/api.w.org\/{rel}","templated":true}]}}