{"id":21172,"date":"2025-05-23T13:33:25","date_gmt":"2025-05-23T11:33:25","guid":{"rendered":"https:\/\/dailyweb.pl\/stalka\/?p=21172"},"modified":"2025-05-23T13:33:26","modified_gmt":"2025-05-23T11:33:26","slug":"jakie-premiery-aparatow-canona-czekaja-nas-jeszcze-w-2025-roku","status":"publish","type":"post","link":"https:\/\/dailyweb.pl\/stalka\/jakie-premiery-aparatow-canona-czekaja-nas-jeszcze-w-2025-roku\/","title":{"rendered":"Jakie premiery aparat\u00f3w Canona czekaj\u0105 nas jeszcze w 2025 roku?"},"content":{"rendered":"\n<p>Canon pokaza\u0142 ju\u017c w tym roku <a href=\"https:\/\/dailyweb.pl\/stalka\/canon-powershot-v1-kompaktowy-aparat-dla-tworcow-trafi-wkrotce-tez-na-nasz-rynek-pierwsze-wrazenia-przykladowe-zdjecia-raw\/\" data-type=\"post\" data-id=\"18974\" target=\"_blank\" rel=\"noreferrer noopener\">kompaktowego Powershota V1<\/a> i przewidziany bardziej z my\u015bl\u0105 o wideo <a href=\"https:\/\/dailyweb.pl\/stalka\/eos-r50-v-canon-mocno-stawia-na-wideo-pierwsze-wrazenia\/\">EOS R50 V<\/a>. To jednak nie koniec premier i <strong>japo\u0144ski producent ma w zanadrzu jeszcze kilka aparat\u00f3w, kt\u00f3rych premier\u0119 szacuje si\u0119 na ten rok kalendarzowy b\u0105d\u017a fiskalny.<\/strong><\/p>\n\n\n\n<h2 class=\"wp-block-heading\">Canon EOS R6 Mark III \u2013 op\u00f3\u017anienia przez bateri\u0119?<\/h2>\n\n\n\n<figure class=\"wp-block-image size-large\"><img fetchpriority=\"high\" decoding=\"async\" width=\"1024\" height=\"819\" src=\"https:\/\/dailyweb.pl\/stalka\/wp-content\/uploads\/2024\/12\/canon_r6_mark_III-1024x819.jpg\" alt=\"\" class=\"wp-image-14681\" title=\"\" srcset=\"https:\/\/dailyweb.pl\/stalka\/wp-content\/uploads\/2024\/12\/canon_r6_mark_III-1024x819.jpg 1024w, https:\/\/dailyweb.pl\/stalka\/wp-content\/uploads\/2024\/12\/canon_r6_mark_III-300x240.jpg 300w, https:\/\/dailyweb.pl\/stalka\/wp-content\/uploads\/2024\/12\/canon_r6_mark_III-768x614.jpg 768w, https:\/\/dailyweb.pl\/stalka\/wp-content\/uploads\/2024\/12\/canon_r6_mark_III.jpg 1350w\" sizes=\"(max-width: 1024px) 100vw, 1024px\" \/><\/figure>\n\n\n\n<p>Canon EOS R6 Mark III to aparat, o kt\u00f3rym pisa\u0142em ju\u017c kilka razy. Ju\u017c na pocz\u0105tku maja, gdy Daniel przygotowywa\u0142 dla Was <a href=\"https:\/\/dailyweb.pl\/stalka\/wyciekla-specyfikacja-canona-r6-mark-iii-matryca-nowej-generacji-i-nowy-ekran-to-nie-wszystko\/\" target=\"_blank\" rel=\"noreferrer noopener\">artyku\u0142 z ostatnimi przeciekami<\/a>, mi\u0119dzy innymi o <strong>matrycy ca\u0142kiem nowej generacji typu stacked CMOS o rozdzielczo\u015bci 24 MP<\/strong>, wiedzieli\u015bmy, \u017ce Canon nie dotrzyma pierwotnego terminu premiery. Ta mia\u0142a nast\u0105pi\u0107 pod koniec maja, jednak zosta\u0142a prze\u0142o\u017cona. Na kiedy? Tego niestety nie wiemy.<\/p>\n\n\n\n<p><strong>Oczekiwany nast\u0119pca popularnego modelu R6 napotyka problemy techniczne. <\/strong>Spekuluje si\u0119, \u017ce mog\u0105 by\u0107 one zwi\u0105zane z akumulatorem LP-E6P, o czym informowa\u0142y zachodnie media. Gdy dowiemy si\u0119 co\u015b o nowym terminie premiery albo potwierdzimy, gdzie le\u017cy problem, to z pewno\u015bci\u0105 si\u0119 z Wami tym podzielimy.<\/p>\n\n\n\n<h2 class=\"wp-block-heading\">Canon EOS R7 Mark II \u2013 druga ods\u0142ona profesjonalnego APS-C tu\u017c za rogiem<\/h2>\n\n\n\n<figure class=\"wp-block-image size-large\"><img decoding=\"async\" width=\"1024\" height=\"683\" src=\"https:\/\/dailyweb.pl\/stalka\/wp-content\/uploads\/2024\/12\/Sigma_madera_top-1024x683.jpg\" alt=\"\" class=\"wp-image-15123\" title=\"\" srcset=\"https:\/\/dailyweb.pl\/stalka\/wp-content\/uploads\/2024\/12\/Sigma_madera_top-1024x683.jpg 1024w, https:\/\/dailyweb.pl\/stalka\/wp-content\/uploads\/2024\/12\/Sigma_madera_top-300x200.jpg 300w, https:\/\/dailyweb.pl\/stalka\/wp-content\/uploads\/2024\/12\/Sigma_madera_top-768x512.jpg 768w, https:\/\/dailyweb.pl\/stalka\/wp-content\/uploads\/2024\/12\/Sigma_madera_top-1536x1024.jpg 1536w, https:\/\/dailyweb.pl\/stalka\/wp-content\/uploads\/2024\/12\/Sigma_madera_top-2048x1365.jpg 2048w\" sizes=\"(max-width: 1024px) 100vw, 1024px\" \/><figcaption class=\"wp-element-caption\">R7 pierwszej generacji wzi\u0119li\u015bmy na Mader\u0119 i nie \u017ca\u0142owali\u015bmy tego wyboru<\/figcaption><\/figure>\n\n\n\n<p>Pierwsze pog\u0142oski o nast\u0119pcy modelu R7 pojawi\u0142y si\u0119 ju\u017c w styczniu. Na pocz\u0105tku kwietnia <a href=\"https:\/\/dailyweb.pl\/stalka\/canon-eos-r7-mark-ii-znow-daje-osobie-znac-zmiany-moga-byc-rewolucyjne\/\" target=\"_blank\" rel=\"noreferrer noopener\">Daniel pisa\u0142<\/a>, \u017ce aparat mo\u017ce otrzyma\u0107 nowy rodzaj matrycy,\u00a0<strong>kt\u00f3ry b\u0119dzie mia\u0142 rozdzielczo\u015b\u0107 podniesion\u0105 z 32 MP do oko\u0142o 40 MP.<\/strong>\u00a0Nast\u0119pca flagowego dla APS-C R7 ma zadebiutowa\u0107 pod koniec sierpnia. Canon celuje tym modelem w segment sportu i dzikiej przyrody.<\/p>\n\n\n\n<p>Nie wiemy jak op\u00f3\u017anienia R6 Mark III wp\u0142yn\u0105 na R7 Mark II. Nic na razie nie wiemy o przesuni\u0119ciu premiery. <strong>Wraz z nowym aparatem mo\u017cliwa jest premiera nowych, jasnych zoom\u00f3w RF-S.<\/strong><\/p>\n\n\n\n<h2 class=\"wp-block-heading\">Canon EOS R10 Mark II \u2013 tu te\u017c przyda\u0142oby si\u0119 od\u015bwie\u017cenie<\/h2>\n\n\n\n<p><strong>Wed\u0142ug najnowszego <a href=\"https:\/\/dailyweb.pl\/stalka\/top-50-aparatow-w-japonii-w-kwietniu-jest-zmiana-lidera-i-inne-zaskoczenia\/\" target=\"_blank\" rel=\"noreferrer noopener\">rankingu BCN za kwiecie\u0144<\/a> Canon EOS R10 to nowy lider sprzeda\u017cy aparat\u00f3w z wymienn\u0105 optyk\u0105 w Japonii.<\/strong> Aparat, w wersji z obiektywem RF-S18-150 IS STM, awansowa\u0142 z drugiego miejsca na pierwsze. Og\u00f3lnie w\u015br\u00f3d 50 najpopularniejszych aparat\u00f3w R10 pojawia si\u0119 na li\u015bcie trzykrotnie. Nie zmienia to faktu, \u017ce model z 2022 roku m\u00f3g\u0142by si\u0119 ju\u017c doczeka\u0107 aktualizacji. Czy R10 jest na kr\u00f3tkiej li\u015bcie do produkcji nast\u0119pcy, tego na razie nie wiemy, ale Canon planuje kilka nowo\u015bci w segmencie APS-C, wi\u0119c nie ograniczy si\u0119 to do R7 Mark II.<\/p>\n\n\n\n<h2 class=\"wp-block-heading\">Full-Frame z serii \u201eV\u201d \u2013 nowa era wideo<\/h2>\n\n\n\n<p>Canon nie lubi okre\u015blania swoich aparat\u00f3w dla tw\u00f3rc\u00f3w jako seria czy linia \u201eV\u201d, ale ja j\u0105 b\u0119d\u0119 tak nazywa\u0142 dla wygody. Od jakiego\u015b czasu <strong>Canon planuje pe\u0142noklatkowy aparat z linii \u201eV\u201d. <\/strong>Plotki te nasili\u0142y si\u0119 po prezentacji modelu EOS R50 V, kt\u00f3ry wyposa\u017cony by\u0142 w matryc\u0119 APS-C. Nadchodz\u0105cy aparat mo\u017ce zosta\u0107 oparty na R6 Mark III, co nie napawa optymizmem, zwa\u017caj\u0105c na problemy tego aparatu. Nadchodz\u0105cy aparat mo\u017ce zast\u0105pi\u0107 EOS R5 C, a mo\u017ce zaj\u0105\u0107 zupe\u0142nie inne miejsce, wszak linie V i C s\u0105 kierowane przez Canona do innych u\u017cytkownik\u00f3w.<\/p>\n\n\n\n<h2 class=\"wp-block-heading\">Inne nowe aparaty od Canona?<\/h2>\n\n\n\n<p><strong>Co jeszcze nowego mo\u017ce pokaza\u0107 Canon?<\/strong> Spekuluje si\u0119, \u017ce jesieni\u0105 pojawi si\u0119 model PowerShot V3 \u2013 kompaktowy aparat z wi\u0119kszym zakresem ogniskowych, idealny dla podr\u00f3\u017cnik\u00f3w i vloger\u00f3w. Ca\u0142y czas w obwodzie jest te\u017c aparat o stylistyce retro. Od wielu miesi\u0119cy m\u00f3wi si\u0119, \u017ce <a href=\"https:\/\/dailyweb.pl\/stalka\/canon-eos-re-1-retro-aparat-z-pelna-klatka-juz-na-horyzoncie\/\" target=\"_blank\" rel=\"noreferrer noopener\">Canon przygotowuje bezlusterkowca w stylu retro<\/a>. Premiera spodziewana na koniec 2025 lub pocz\u0105tek 2026. Ta druga data, wci\u0105\u017c pasuj\u0105ca do roku fiskalnego, wydaje si\u0119 rozs\u0105dniejsza, gdy\u017c mo\u017cna by\u0142oby go promowa\u0107 jako aparat wydany z okazji 50-lecia <a href=\"https:\/\/dailyweb.pl\/stalka\/canon-ae-1-byl-moim-marzeniem-a-mocno-sie-na-nim-zawiodlem-analoglife\/\" data-type=\"post\" data-id=\"17301\">kultowego modelu AE-1<\/a>.<\/p>\n\n\n\n<figure class=\"wp-block-embed is-type-wp-embed is-provider-sta-ka-pl wp-block-embed-sta-ka-pl\"><div class=\"wp-block-embed__wrapper\">\n<blockquote class=\"wp-embedded-content\" data-secret=\"EfjcS9dtJY\"><a href=\"https:\/\/dailyweb.pl\/stalka\/fujifilm-oglasza-event-na-12-czerwca-pokaza-fujifilm-x-e5\/\">Fujifilm og\u0142asza event na 12 czerwca. Poka\u017c\u0105 Fujifilm X-E5?<\/a><\/blockquote><iframe class=\"wp-embedded-content\" sandbox=\"allow-scripts\" security=\"restricted\" style=\"position: absolute; visibility: hidden;\" title=\"&#8222;Fujifilm og\u0142asza event na 12 czerwca. Poka\u017c\u0105 Fujifilm X-E5?&#8221; &#8212; sta\u0142ka.pl\" src=\"https:\/\/dailyweb.pl\/stalka\/fujifilm-oglasza-event-na-12-czerwca-pokaza-fujifilm-x-e5\/embed\/#?secret=VYTKyH7if2#?secret=EfjcS9dtJY\" data-secret=\"EfjcS9dtJY\" width=\"600\" height=\"338\" frameborder=\"0\" marginwidth=\"0\" marginheight=\"0\" scrolling=\"no\"><\/iframe>\n<\/div><\/figure>\n\n\n\n<p>Czy plotki si\u0119 potwierdz\u0105? Tego dowiemy si\u0119 w nadchodz\u0105cych miesi\u0105cach. My \u015bledzimy dla Was przecieki, a Wy \u015bled\u017acie sta\u0142k\u0119, by by\u0107 na bie\u017c\u0105co. <strong>Jest jaki\u015b aparat z tej listy, na kt\u00f3ry czekacie najbardziej?<\/strong><\/p>\n\n\n\n<div class=\"wp-block-group\"><div class=\"wp-block-group__inner-container is-layout-constrained wp-block-group-is-layout-constrained\">\n<div class=\"wp-block-columns is-layout-flex wp-container-core-columns-is-layout-9d6595d7 wp-block-columns-is-layout-flex\">\n<div class=\"wp-block-column is-vertically-aligned-center is-layout-flow wp-block-column-is-layout-flow\">\n<h3 class=\"wp-block-heading\">\u015aled\u017a sta\u0142k\u0119 na:<\/h3>\n<\/div>\n\n\n\n<div class=\"wp-block-column is-vertically-aligned-center is-layout-flow wp-block-column-is-layout-flow\">\n<ul class=\"wp-block-social-links aligncenter has-large-icon-size is-content-justification-center is-layout-flex wp-container-core-social-links-is-layout-16018d1d wp-block-social-links-is-layout-flex\"><li class=\"wp-social-link wp-social-link-facebook  wp-block-social-link\"><a href=\"https:\/\/www.facebook.com\/profile.php?id=61558062113521\" class=\"wp-block-social-link-anchor\" rel=\"nofollow noopener\" target=\"_blank\"><svg width=\"24\" height=\"24\" viewBox=\"0 0 24 24\" version=\"1.1\" xmlns=\"http:\/\/www.w3.org\/2000\/svg\" aria-hidden=\"true\" focusable=\"false\"><path d=\"M12 2C6.5 2 2 6.5 2 12c0 5 3.7 9.1 8.4 9.9v-7H7.9V12h2.5V9.8c0-2.5 1.5-3.9 3.8-3.9 1.1 0 2.2.2 2.2.2v2.5h-1.3c-1.2 0-1.6.8-1.6 1.6V12h2.8l-.4 2.9h-2.3v7C18.3 21.1 22 17 22 12c0-5.5-4.5-10-10-10z\"><\/path><\/svg><span class=\"wp-block-social-link-label screen-reader-text\">Facebook<\/span><\/a><\/li>\n\n<li class=\"wp-social-link wp-social-link-instagram  wp-block-social-link\"><a href=\"https:\/\/www.instagram.com\/stalka.pl\/\" class=\"wp-block-social-link-anchor\" rel=\"nofollow noopener\" target=\"_blank\"><svg width=\"24\" height=\"24\" viewBox=\"0 0 24 24\" version=\"1.1\" xmlns=\"http:\/\/www.w3.org\/2000\/svg\" aria-hidden=\"true\" focusable=\"false\"><path d=\"M12,4.622c2.403,0,2.688,0.009,3.637,0.052c0.877,0.04,1.354,0.187,1.671,0.31c0.42,0.163,0.72,0.358,1.035,0.673 c0.315,0.315,0.51,0.615,0.673,1.035c0.123,0.317,0.27,0.794,0.31,1.671c0.043,0.949,0.052,1.234,0.052,3.637 s-0.009,2.688-0.052,3.637c-0.04,0.877-0.187,1.354-0.31,1.671c-0.163,0.42-0.358,0.72-0.673,1.035 c-0.315,0.315-0.615,0.51-1.035,0.673c-0.317,0.123-0.794,0.27-1.671,0.31c-0.949,0.043-1.233,0.052-3.637,0.052 s-2.688-0.009-3.637-0.052c-0.877-0.04-1.354-0.187-1.671-0.31c-0.42-0.163-0.72-0.358-1.035-0.673 c-0.315-0.315-0.51-0.615-0.673-1.035c-0.123-0.317-0.27-0.794-0.31-1.671C4.631,14.688,4.622,14.403,4.622,12 s0.009-2.688,0.052-3.637c0.04-0.877,0.187-1.354,0.31-1.671c0.163-0.42,0.358-0.72,0.673-1.035 c0.315-0.315,0.615-0.51,1.035-0.673c0.317-0.123,0.794-0.27,1.671-0.31C9.312,4.631,9.597,4.622,12,4.622 M12,3 C9.556,3,9.249,3.01,8.289,3.054C7.331,3.098,6.677,3.25,6.105,3.472C5.513,3.702,5.011,4.01,4.511,4.511 c-0.5,0.5-0.808,1.002-1.038,1.594C3.25,6.677,3.098,7.331,3.054,8.289C3.01,9.249,3,9.556,3,12c0,2.444,0.01,2.751,0.054,3.711 c0.044,0.958,0.196,1.612,0.418,2.185c0.23,0.592,0.538,1.094,1.038,1.594c0.5,0.5,1.002,0.808,1.594,1.038 c0.572,0.222,1.227,0.375,2.185,0.418C9.249,20.99,9.556,21,12,21s2.751-0.01,3.711-0.054c0.958-0.044,1.612-0.196,2.185-0.418 c0.592-0.23,1.094-0.538,1.594-1.038c0.5-0.5,0.808-1.002,1.038-1.594c0.222-0.572,0.375-1.227,0.418-2.185 C20.99,14.751,21,14.444,21,12s-0.01-2.751-0.054-3.711c-0.044-0.958-0.196-1.612-0.418-2.185c-0.23-0.592-0.538-1.094-1.038-1.594 c-0.5-0.5-1.002-0.808-1.594-1.038c-0.572-0.222-1.227-0.375-2.185-0.418C14.751,3.01,14.444,3,12,3L12,3z M12,7.378 c-2.552,0-4.622,2.069-4.622,4.622S9.448,16.622,12,16.622s4.622-2.069,4.622-4.622S14.552,7.378,12,7.378z M12,15 c-1.657,0-3-1.343-3-3s1.343-3,3-3s3,1.343,3,3S13.657,15,12,15z M16.804,6.116c-0.596,0-1.08,0.484-1.08,1.08 s0.484,1.08,1.08,1.08c0.596,0,1.08-0.484,1.08-1.08S17.401,6.116,16.804,6.116z\"><\/path><\/svg><span class=\"wp-block-social-link-label screen-reader-text\">Instagram<\/span><\/a><\/li>\n\n<li class=\"wp-social-link wp-social-link-tiktok  wp-block-social-link\"><a href=\"https:\/\/www.tiktok.com\/@stalkapl\" class=\"wp-block-social-link-anchor\" rel=\"nofollow noopener\" target=\"_blank\"><svg width=\"24\" height=\"24\" viewBox=\"0 0 32 32\" version=\"1.1\" xmlns=\"http:\/\/www.w3.org\/2000\/svg\" aria-hidden=\"true\" focusable=\"false\"><path d=\"M16.708 0.027c1.745-0.027 3.48-0.011 5.213-0.027 0.105 2.041 0.839 4.12 2.333 5.563 1.491 1.479 3.6 2.156 5.652 2.385v5.369c-1.923-0.063-3.855-0.463-5.6-1.291-0.76-0.344-1.468-0.787-2.161-1.24-0.009 3.896 0.016 7.787-0.025 11.667-0.104 1.864-0.719 3.719-1.803 5.255-1.744 2.557-4.771 4.224-7.88 4.276-1.907 0.109-3.812-0.411-5.437-1.369-2.693-1.588-4.588-4.495-4.864-7.615-0.032-0.667-0.043-1.333-0.016-1.984 0.24-2.537 1.495-4.964 3.443-6.615 2.208-1.923 5.301-2.839 8.197-2.297 0.027 1.975-0.052 3.948-0.052 5.923-1.323-0.428-2.869-0.308-4.025 0.495-0.844 0.547-1.485 1.385-1.819 2.333-0.276 0.676-0.197 1.427-0.181 2.145 0.317 2.188 2.421 4.027 4.667 3.828 1.489-0.016 2.916-0.88 3.692-2.145 0.251-0.443 0.532-0.896 0.547-1.417 0.131-2.385 0.079-4.76 0.095-7.145 0.011-5.375-0.016-10.735 0.025-16.093z\" \/><\/svg><span class=\"wp-block-social-link-label screen-reader-text\">TikTok<\/span><\/a><\/li>\n\n<li class=\"wp-social-link wp-social-link-youtube  wp-block-social-link\"><a href=\"https:\/\/www.youtube.com\/@stalka-pl\" class=\"wp-block-social-link-anchor\" rel=\"nofollow noopener\" target=\"_blank\"><svg width=\"24\" height=\"24\" viewBox=\"0 0 24 24\" version=\"1.1\" xmlns=\"http:\/\/www.w3.org\/2000\/svg\" aria-hidden=\"true\" focusable=\"false\"><path d=\"M21.8,8.001c0,0-0.195-1.378-0.795-1.985c-0.76-0.797-1.613-0.801-2.004-0.847c-2.799-0.202-6.997-0.202-6.997-0.202 h-0.009c0,0-4.198,0-6.997,0.202C4.608,5.216,3.756,5.22,2.995,6.016C2.395,6.623,2.2,8.001,2.2,8.001S2,9.62,2,11.238v1.517 c0,1.618,0.2,3.237,0.2,3.237s0.195,1.378,0.795,1.985c0.761,0.797,1.76,0.771,2.205,0.855c1.6,0.153,6.8,0.201,6.8,0.201 s4.203-0.006,7.001-0.209c0.391-0.047,1.243-0.051,2.004-0.847c0.6-0.607,0.795-1.985,0.795-1.985s0.2-1.618,0.2-3.237v-1.517 C22,9.62,21.8,8.001,21.8,8.001z M9.935,14.594l-0.001-5.62l5.404,2.82L9.935,14.594z\"><\/path><\/svg><span class=\"wp-block-social-link-label screen-reader-text\">YouTube<\/span><\/a><\/li><\/ul>\n<\/div>\n<\/div>\n\n\n\n<div style=\"height:40px\" aria-hidden=\"true\" class=\"wp-block-spacer\"><\/div>\n<\/div><\/div>\n","protected":false},"excerpt":{"rendered":"<div class=\"nofuss_excerpt\"><p>Przyjrzyjmy si\u0119 plotkom, by przewidzie\u0107 premiery Canona na 2025 rok.<\/p>\n<\/div>","protected":false},"author":2,"featured_media":7168,"comment_status":"open","ping_status":"open","sticky":false,"template":"","format":"standard","meta":{"_acf_changed":false,"footnotes":""},"categories":[1],"tags":[339,774,586],"class_list":["post-21172","post","type-post","status-publish","format-standard","has-post-thumbnail","hentry","category-aktualnosci","tag-canon-eos-r6-mark-iii","tag-canon-eos-r7-mark-ii","tag-canon-r7-mark-ii"],"acf":[],"_links":{"self":[{"href":"https:\/\/dailyweb.pl\/stalka\/wp-json\/wp\/v2\/posts\/21172","targetHints":{"allow":["GET"]}}],"collection":[{"href":"https:\/\/dailyweb.pl\/stalka\/wp-json\/wp\/v2\/posts"}],"about":[{"href":"https:\/\/dailyweb.pl\/stalka\/wp-json\/wp\/v2\/types\/post"}],"author":[{"embeddable":true,"href":"https:\/\/dailyweb.pl\/stalka\/wp-json\/wp\/v2\/users\/2"}],"replies":[{"embeddable":true,"href":"https:\/\/dailyweb.pl\/stalka\/wp-json\/wp\/v2\/comments?post=21172"}],"version-history":[{"count":26,"href":"https:\/\/dailyweb.pl\/stalka\/wp-json\/wp\/v2\/posts\/21172\/revisions"}],"predecessor-version":[{"id":21199,"href":"https:\/\/dailyweb.pl\/stalka\/wp-json\/wp\/v2\/posts\/21172\/revisions\/21199"}],"wp:featuredmedia":[{"embeddable":true,"href":"https:\/\/dailyweb.pl\/stalka\/wp-json\/wp\/v2\/media\/7168"}],"wp:attachment":[{"href":"https:\/\/dailyweb.pl\/stalka\/wp-json\/wp\/v2\/media?parent=21172"}],"wp:term":[{"taxonomy":"category","embeddable":true,"href":"https:\/\/dailyweb.pl\/stalka\/wp-json\/wp\/v2\/categories?post=21172"},{"taxonomy":"post_tag","embeddable":true,"href":"https:\/\/dailyweb.pl\/stalka\/wp-json\/wp\/v2\/tags?post=21172"}],"curies":[{"name":"wp","href":"https:\/\/api.w.org\/{rel}","templated":true}]}}