{"id":20671,"date":"2025-05-09T14:03:09","date_gmt":"2025-05-09T12:03:09","guid":{"rendered":"https:\/\/dailyweb.pl\/stalka\/?p=20671"},"modified":"2025-05-09T15:02:08","modified_gmt":"2025-05-09T13:02:08","slug":"sony-zaprezentowalo-fx3a-na-fx3ii-jeszcze-poczekamy","status":"publish","type":"post","link":"https:\/\/dailyweb.pl\/stalka\/sony-zaprezentowalo-fx3a-na-fx3ii-jeszcze-poczekamy\/","title":{"rendered":"Sony zaprezentowa\u0142o FX3a \u2013 na FX3II jeszcze poczekamy"},"content":{"rendered":"\n<p>Gdy pisa\u0142em o majowych premierach, przytacza\u0142em plotki m\u00f3wi\u0105ce, \u017ce w maju Sony poka\u017ce bud\u017cetowy aparat pe\u0142noklatkowy z serii FX, ale nie nast\u0119pc\u0119 modelu FX3.&nbsp;Wtedy nie spodziewa\u0142em si\u0119, \u017ce b\u0119dzie to FX3a. Wydaje si\u0119, \u017ce to nie jedyna majowa premiera od Sony, ale zobaczmy na razie, co zmieni\u0142o si\u0119 w FX3a.<\/p>\n\n\n\n<figure class=\"wp-block-embed alignwide is-type-wp-embed is-provider-sta-ka-pl wp-block-embed-sta-ka-pl\"><div class=\"wp-block-embed__wrapper\">\n<blockquote class=\"wp-embedded-content\" data-secret=\"tG3JuIlfjC\"><a href=\"https:\/\/dailyweb.pl\/stalka\/maj-miesiacem-premier-sigma-panasonic-sony-fujifilm-leica-oraz-dji-pokaza-nowe-sprzety\/\">Maj miesi\u0105cem premier! Sigma, Panasonic, Sony, Fujifilm, Leica\u00a0oraz DJI poka\u017c\u0105 nowe sprz\u0119ty<\/a><\/blockquote><iframe class=\"wp-embedded-content\" sandbox=\"allow-scripts\" security=\"restricted\" style=\"position: absolute; visibility: hidden;\" title=\"&#8222;Maj miesi\u0105cem premier! Sigma, Panasonic, Sony, Fujifilm, Leica\u00a0oraz DJI poka\u017c\u0105 nowe sprz\u0119ty&#8221; &#8212; sta\u0142ka.pl\" src=\"https:\/\/dailyweb.pl\/stalka\/maj-miesiacem-premier-sigma-panasonic-sony-fujifilm-leica-oraz-dji-pokaza-nowe-sprzety\/embed\/#?secret=lkG77UvY8S#?secret=tG3JuIlfjC\" data-secret=\"tG3JuIlfjC\" width=\"600\" height=\"338\" frameborder=\"0\" marginwidth=\"0\" marginheight=\"0\" scrolling=\"no\"><\/iframe>\n<\/div><\/figure>\n\n\n\n<h2 class=\"wp-block-heading\">Sony FX3a \u2013 nowy ekran i \u0142adowarka<\/h2>\n\n\n\n<figure class=\"wp-block-image size-large\"><img fetchpriority=\"high\" decoding=\"async\" width=\"1024\" height=\"606\" src=\"https:\/\/dailyweb.pl\/stalka\/wp-content\/uploads\/2025\/05\/sony_fx3a-1024x606.avif\" alt=\"\" class=\"wp-image-20679\" title=\"\" srcset=\"https:\/\/dailyweb.pl\/stalka\/wp-content\/uploads\/2025\/05\/sony_fx3a-1024x606.avif 1024w, https:\/\/dailyweb.pl\/stalka\/wp-content\/uploads\/2025\/05\/sony_fx3a-300x178.avif 300w, https:\/\/dailyweb.pl\/stalka\/wp-content\/uploads\/2025\/05\/sony_fx3a-768x454.avif 768w, https:\/\/dailyweb.pl\/stalka\/wp-content\/uploads\/2025\/05\/sony_fx3a.avif 1352w\" sizes=\"(max-width: 1024px) 100vw, 1024px\" \/><\/figure>\n\n\n\n<p>Jak przysta\u0142o na modele oznaczone liter\u0105 \u201ea\u201d, zmiany w Sony FX3a s\u0105 kosmetyczne. G\u0142\u00f3wn\u0105 jest zmiana rozdzielczo\u015bci panelu LCD z 1 440 000 na 2 359 296 punkt\u00f3w. Ponadto usuni\u0119to funkcjonalno\u015b\u0107 NFC, a tak\u017ce element odbieraj\u0105cy \u015bwiat\u0142o pilota na podczerwie\u0144. W pude\u0142ku znajdziecie tak\u017ce inn\u0105 \u0142adowark\u0119. Pozosta\u0142a cz\u0119\u015b\u0107 specyfikacji FX3a jest taka sama jak w modelu FX3. <\/p>\n\n\n\n<p>Od\u015bwie\u017cenie Sony FX3 to niestety z\u0142a wiadomo\u015b\u0107 dla wszystkich, kt\u00f3rzy czekali na nast\u0119pc\u0119 wydanego w marcu 2021 roku aparatu. Nie by\u0142oby \u017cadnego sensu wydawa\u0107 od\u015bwie\u017cony FX3a, je\u017celi gdzie\u015b za rogiem czyha\u0142 FX3II. Wszystko wskazuje wi\u0119c na to, \u017ce na nast\u0119pc\u0119 tego popularnego modelu jeszcze poczekamy. <\/p>\n\n\n\n<figure class=\"wp-block-embed alignwide is-type-wp-embed is-provider-sta-ka-pl wp-block-embed-sta-ka-pl\"><div class=\"wp-block-embed__wrapper\">\n<blockquote class=\"wp-embedded-content\" data-secret=\"xX1mphxTEN\"><a href=\"https:\/\/dailyweb.pl\/stalka\/sony-planuje-wydzielic-departament-produkujacy-matryce-do-osobnej-firmy\/\">Sony planuje wydzieli\u0107 departament produkuj\u0105cy matryce do osobnej firmy<\/a><\/blockquote><iframe class=\"wp-embedded-content\" sandbox=\"allow-scripts\" security=\"restricted\" style=\"position: absolute; visibility: hidden;\" title=\"&#8222;Sony planuje wydzieli\u0107 departament produkuj\u0105cy matryce do osobnej firmy&#8221; &#8212; sta\u0142ka.pl\" src=\"https:\/\/dailyweb.pl\/stalka\/sony-planuje-wydzielic-departament-produkujacy-matryce-do-osobnej-firmy\/embed\/#?secret=YPT7TxjB2V#?secret=xX1mphxTEN\" data-secret=\"xX1mphxTEN\" width=\"600\" height=\"338\" frameborder=\"0\" marginwidth=\"0\" marginheight=\"0\" scrolling=\"no\"><\/iframe>\n<\/div><\/figure>\n\n\n\n<p>Jestem przekonany, \u017ce to nie ostatnia majowa premiera Sony. Zapraszam wi\u0119c do \u015bledzenia sta\u0142ki, by\u015bcie byli na bie\u017c\u0105co z wiosennymi nowo\u015bciami, kt\u00f3rymi zaczn\u0105 nas producenci rozpieszcza\u0107 lada dzie\u0144.<\/p>\n","protected":false},"excerpt":{"rendered":"<div class=\"nofuss_excerpt\"><p>Sony od\u015bwie\u017cy\u0142o model FX3.<\/p>\n<\/div>","protected":false},"author":2,"featured_media":20678,"comment_status":"open","ping_status":"open","sticky":false,"template":"","format":"standard","meta":{"_acf_changed":false,"footnotes":""},"categories":[1,690],"tags":[107,750],"class_list":["post-20671","post","type-post","status-publish","format-standard","has-post-thumbnail","hentry","category-aktualnosci","category-kamerowanie","tag-sony","tag-sony-fx3a"],"acf":[],"_links":{"self":[{"href":"https:\/\/dailyweb.pl\/stalka\/wp-json\/wp\/v2\/posts\/20671","targetHints":{"allow":["GET"]}}],"collection":[{"href":"https:\/\/dailyweb.pl\/stalka\/wp-json\/wp\/v2\/posts"}],"about":[{"href":"https:\/\/dailyweb.pl\/stalka\/wp-json\/wp\/v2\/types\/post"}],"author":[{"embeddable":true,"href":"https:\/\/dailyweb.pl\/stalka\/wp-json\/wp\/v2\/users\/2"}],"replies":[{"embeddable":true,"href":"https:\/\/dailyweb.pl\/stalka\/wp-json\/wp\/v2\/comments?post=20671"}],"version-history":[{"count":11,"href":"https:\/\/dailyweb.pl\/stalka\/wp-json\/wp\/v2\/posts\/20671\/revisions"}],"predecessor-version":[{"id":20685,"href":"https:\/\/dailyweb.pl\/stalka\/wp-json\/wp\/v2\/posts\/20671\/revisions\/20685"}],"wp:featuredmedia":[{"embeddable":true,"href":"https:\/\/dailyweb.pl\/stalka\/wp-json\/wp\/v2\/media\/20678"}],"wp:attachment":[{"href":"https:\/\/dailyweb.pl\/stalka\/wp-json\/wp\/v2\/media?parent=20671"}],"wp:term":[{"taxonomy":"category","embeddable":true,"href":"https:\/\/dailyweb.pl\/stalka\/wp-json\/wp\/v2\/categories?post=20671"},{"taxonomy":"post_tag","embeddable":true,"href":"https:\/\/dailyweb.pl\/stalka\/wp-json\/wp\/v2\/tags?post=20671"}],"curies":[{"name":"wp","href":"https:\/\/api.w.org\/{rel}","templated":true}]}}