{"id":20548,"date":"2025-05-07T08:58:16","date_gmt":"2025-05-07T06:58:16","guid":{"rendered":"https:\/\/dailyweb.pl\/stalka\/?p=20548"},"modified":"2025-05-07T08:58:18","modified_gmt":"2025-05-07T06:58:18","slug":"wyciekla-specyfikacja-canona-r6-mark-iii-matryca-nowej-generacji-i-nowy-ekran-to-nie-wszystko","status":"publish","type":"post","link":"https:\/\/dailyweb.pl\/stalka\/wyciekla-specyfikacja-canona-r6-mark-iii-matryca-nowej-generacji-i-nowy-ekran-to-nie-wszystko\/","title":{"rendered":"Wyciek\u0142a specyfikacja Canona R6 Mark III &#8211; matryca nowej generacji i nowy ekran to nie wszystko"},"content":{"rendered":"\n<p>Jako posiadacz i wieloletni u\u017cytkownik systemu EOS nie ma dla mnie ciekawszych wie\u015bci ni\u017c te z obozu Canona. Wiemy, \u017ce firma w tym roku ma jeszcze wiele do pokazania. Teraz dowiadujemy si\u0119 troch\u0119 wi\u0119cej o nadchodz\u0105cym Canonie EOS R6 Mark III.<\/p>\n\n\n\n<p>Wiadomo\u015bci, kt\u00f3re przekazujemy podaje niezawodny Canon Rumors. Jak jednak zaznaczaj\u0105 redaktorzy serwisu, nowe wiadomo\u015bci pochodz\u0105 z chi\u0144skiego serwisu Weibo od osoby \u201ez mieszanymi\u201d sukcesami odno\u015bnie wyciek\u00f3w i plotek. Trzeba wi\u0119c przyj\u0105\u0107, \u017ce nie mo\u017cemy z pe\u0142ni polega\u0107 na tych informacjach, chocia\u017c koreluj\u0105 one z poprzednimi doniesieniami i wydaj\u0105 si\u0119 wi\u0119cej ni\u017c prawdopodobne.<\/p>\n\n\n\n<h2 class=\"wp-block-heading\">Canon R6 Mark III z matryc\u0105 nowej generacji<\/h2>\n\n\n\n<figure class=\"wp-block-image size-large\"><img fetchpriority=\"high\" decoding=\"async\" width=\"1024\" height=\"819\" src=\"https:\/\/dailyweb.pl\/stalka\/wp-content\/uploads\/2024\/12\/canon_r6_mark_III-1024x819.jpg\" alt=\"\" class=\"wp-image-14681\" title=\"\" srcset=\"https:\/\/dailyweb.pl\/stalka\/wp-content\/uploads\/2024\/12\/canon_r6_mark_III-1024x819.jpg 1024w, https:\/\/dailyweb.pl\/stalka\/wp-content\/uploads\/2024\/12\/canon_r6_mark_III-300x240.jpg 300w, https:\/\/dailyweb.pl\/stalka\/wp-content\/uploads\/2024\/12\/canon_r6_mark_III-768x614.jpg 768w, https:\/\/dailyweb.pl\/stalka\/wp-content\/uploads\/2024\/12\/canon_r6_mark_III.jpg 1350w\" sizes=\"(max-width: 1024px) 100vw, 1024px\" \/><\/figure>\n\n\n\n<p>Wed\u0142ug ostatnich informacji Canon pod koniec maja szykowa\u0142 dla nas wielk\u0105 premier\u0119. Niestety zosta\u0142a ona przesuni\u0119ta, ale nikt nie wie na kiedy bo termin nie zosta\u0142 jeszcze ustalony. Ma to mie\u0107 pono\u0107 zwi\u0105zek ze spraw\u0105 szalonych op\u0142at celnych na linii USA \u2014 reszta \u015bwiata. Wiemy jednak, \u017ce w planach by\u0142 co najmniej dwa nowe obiektywy oraz nowe aparaty. W przypadku aparat\u00f3w najbardziej prawdopodobnym modelem jest&nbsp;Canon EOS R6 Mark III, ale mo\u017ce r\u00f3wnie\u017c chodzi\u0107 o EOS R7 Mark II lub EOS R10 Mark II. Mo\u017cliwe r\u00f3wnie\u017c, \u017ce premiera po\u0142\u0105czy prezentacje dw\u00f3ch modeli.<\/p>\n\n\n\n<figure class=\"wp-block-embed is-type-wp-embed is-provider-sta-ka-pl wp-block-embed-sta-ka-pl\"><div class=\"wp-block-embed__wrapper\">\n<blockquote class=\"wp-embedded-content\" data-secret=\"PN6evdECeL\"><a href=\"https:\/\/dailyweb.pl\/stalka\/canon-przelozyl-majowe-premiery-sprzetu-w-europie-obnizki-cen-w-usa-odwrotnie\/\">Canon prze\u0142o\u017cy\u0142 majowe premiery sprz\u0119tu. W europie obni\u017cki cen w USA odwrotnie<\/a><\/blockquote><iframe class=\"wp-embedded-content\" sandbox=\"allow-scripts\" security=\"restricted\" style=\"position: absolute; visibility: hidden;\" title=\"&#8222;Canon prze\u0142o\u017cy\u0142 majowe premiery sprz\u0119tu. W europie obni\u017cki cen w USA odwrotnie&#8221; &#8212; sta\u0142ka.pl\" src=\"https:\/\/dailyweb.pl\/stalka\/canon-przelozyl-majowe-premiery-sprzetu-w-europie-obnizki-cen-w-usa-odwrotnie\/embed\/#?secret=CmDQknFwvb#?secret=PN6evdECeL\" data-secret=\"PN6evdECeL\" width=\"600\" height=\"338\" frameborder=\"0\" marginwidth=\"0\" marginheight=\"0\" scrolling=\"no\"><\/iframe>\n<\/div><\/figure>\n\n\n\n<p>Rewolucyjn\u0105 wiadomo\u015bci\u0105 by\u0142a ta o tym, \u017ce Canon R7 Mark II ma dosta\u0107 <a href=\"https:\/\/dailyweb.pl\/stalka\/canon-eos-r7-mark-ii-znow-daje-osobie-znac-zmiany-moga-byc-rewolucyjne\/\" target=\"_blank\" rel=\"noreferrer noopener\">now\u0105 matryc\u0119 40 MP.<\/a> Teraz dowiadujemy si\u0119, \u017ce r\u00f3wnie\u017c Canon EOS R6 Mark III dostanie co\u015b nowego. Oczywi\u015bcie aparat dalej b\u0119dzie utrzymany w konwencji szybkostrzelnej hybrydy. <strong>Ma on jednak dosta\u0107 matryc\u0119 ca\u0142kiem nowej generacji typu stacked CMOS o rozdzielczo\u015bci 24 MP.<\/strong> W przesz\u0142o\u015bci pojawia\u0142y si\u0119 informacj\u0119, \u017ce model ma ten odziedziczy\u0107 matryc\u0119 z modelu R3, ale widocznie to co\u015b nowszego. <\/p>\n\n\n\n<p>Dowiedzieli\u015bmy si\u0119, \u017ce aparat ma si\u0119 cechowa\u0107 szybko\u015bci\u0105 zapisu na poziomie mi\u0119dzy Canonem R5 Mark II a Canonem R1. S\u0142yszeli\u015bmy te\u017c wcze\u015bniej, \u017ce model ten ma dosta\u0107 rewolucyjny ekran wykonany w technologii AMOLED. Teraz do\u0142\u0105cza do tego informacja o nowym systemie odchylania ekranu. Powiedziano tu mechanizmie okre\u015blonym jako \u201eflippy\u201d &#8211; czy to co\u015b na wz\u00f3r ekran\u00f3w z Sony, przekonamy si\u0119 w swoim czasie. Trzecia generacja R6 dostanie te\u017c procesor\u00a0DIGIC X z koprocesorem DIGIC Accelerator. Prawdopodobnie b\u0119dzie to, to samo rozwi\u0105zanie co w R1 oraz R5 Mark II.\u00a0Aparat obs\u0142u\u017cy profile C-Log 2 &amp; C-Log 3 i\u00a0pozwoli na nagrywanie\u00a06K RAW w 60 FPS, oraz\u00a04K przy 120 FPS.<\/p>\n","protected":false},"excerpt":{"rendered":"<div class=\"nofuss_excerpt\"><p>Mamy kolejne informacje Canon EOS R6 Mark III, kt\u00f3ry niebawem powinien zadebiutowa\u0107 na rynku.<\/p>\n<\/div>","protected":false},"author":3,"featured_media":7168,"comment_status":"open","ping_status":"open","sticky":false,"template":"","format":"standard","meta":{"_acf_changed":false,"footnotes":""},"categories":[1],"tags":[83,339],"class_list":["post-20548","post","type-post","status-publish","format-standard","has-post-thumbnail","hentry","category-aktualnosci","tag-canon","tag-canon-eos-r6-mark-iii"],"acf":[],"_links":{"self":[{"href":"https:\/\/dailyweb.pl\/stalka\/wp-json\/wp\/v2\/posts\/20548","targetHints":{"allow":["GET"]}}],"collection":[{"href":"https:\/\/dailyweb.pl\/stalka\/wp-json\/wp\/v2\/posts"}],"about":[{"href":"https:\/\/dailyweb.pl\/stalka\/wp-json\/wp\/v2\/types\/post"}],"author":[{"embeddable":true,"href":"https:\/\/dailyweb.pl\/stalka\/wp-json\/wp\/v2\/users\/3"}],"replies":[{"embeddable":true,"href":"https:\/\/dailyweb.pl\/stalka\/wp-json\/wp\/v2\/comments?post=20548"}],"version-history":[{"count":3,"href":"https:\/\/dailyweb.pl\/stalka\/wp-json\/wp\/v2\/posts\/20548\/revisions"}],"predecessor-version":[{"id":20555,"href":"https:\/\/dailyweb.pl\/stalka\/wp-json\/wp\/v2\/posts\/20548\/revisions\/20555"}],"wp:featuredmedia":[{"embeddable":true,"href":"https:\/\/dailyweb.pl\/stalka\/wp-json\/wp\/v2\/media\/7168"}],"wp:attachment":[{"href":"https:\/\/dailyweb.pl\/stalka\/wp-json\/wp\/v2\/media?parent=20548"}],"wp:term":[{"taxonomy":"category","embeddable":true,"href":"https:\/\/dailyweb.pl\/stalka\/wp-json\/wp\/v2\/categories?post=20548"},{"taxonomy":"post_tag","embeddable":true,"href":"https:\/\/dailyweb.pl\/stalka\/wp-json\/wp\/v2\/tags?post=20548"}],"curies":[{"name":"wp","href":"https:\/\/api.w.org\/{rel}","templated":true}]}}