{"id":20254,"date":"2025-04-30T07:00:00","date_gmt":"2025-04-30T05:00:00","guid":{"rendered":"https:\/\/dailyweb.pl\/stalka\/?p=20254"},"modified":"2025-04-29T22:18:53","modified_gmt":"2025-04-29T20:18:53","slug":"w-japonii-krol-kompaktow-jest-jeden-i-zaloze-sie-ze-nie-masz-pojecia-kto-nim-jest","status":"publish","type":"post","link":"https:\/\/dailyweb.pl\/stalka\/w-japonii-krol-kompaktow-jest-jeden-i-zaloze-sie-ze-nie-masz-pojecia-kto-nim-jest\/","title":{"rendered":"W Japonii kr\u00f3l kompakt\u00f3w jest jeden i za\u0142o\u017c\u0119 si\u0119, \u017ce nie masz poj\u0119cia, kto nim jest"},"content":{"rendered":"\n<p><a href=\"https:\/\/dailyweb.pl\/stalka\/20-najpopularniejszych-aparatow-2024-roku-w-rankingu-mapcamera-sa-zaskoczenia\/\" target=\"_blank\" data-type=\"post\" data-id=\"20189\" rel=\"noreferrer noopener\">Wczoraj opisywa\u0142em<\/a> dla Was najlepiej sprzedaj\u0105ce si\u0119 nowe aparaty w japo\u0144skim sklepie Mapcamera w 2024 roku. Tam liderem by\u0142 kompaktowy <a href=\"https:\/\/dailyweb.pl\/stalka\/to-najfajniejszy-aparat-jaki-testowalem-na-stalce-recenzja-fujifilm-x100vi\/\" target=\"_blank\" data-type=\"post\" data-id=\"13144\" rel=\"noreferrer noopener\">Fujifilm X100VI<\/a>, jednak wed\u0142ug raportu BCN kr\u00f3l kompakt\u00f3w w kraju kwitn\u0105cej wi\u015bni jest inny! Ranking BCN to rzeczywista baza danych sprzeda\u017cy W Japonii, kt\u00f3ra codziennie gromadzi i agreguje rzeczywiste dane dotycz\u0105ce sprzeda\u017cy komputer\u00f3w PC, cyfrowego sprz\u0119tu gospodarstwa domowego itp. od g\u0142\u00f3wnych sprzedawc\u00f3w detalicznych elektroniki u\u017cytkowej i sklep\u00f3w internetowych w ca\u0142ym kraju.\u00a0<\/p>\n\n\n\n<h2 class=\"wp-block-heading\">KODAK PIXPRO FZ55&nbsp;wci\u0105\u017c na szczycie<\/h2>\n\n\n\n<figure class=\"wp-block-image size-full\"><img fetchpriority=\"high\" decoding=\"async\" width=\"500\" height=\"500\" src=\"https:\/\/dailyweb.pl\/stalka\/wp-content\/uploads\/2025\/04\/1649678466_IMG_1732677.jpg\" alt=\"\" class=\"wp-image-20259\" title=\"\" srcset=\"https:\/\/dailyweb.pl\/stalka\/wp-content\/uploads\/2025\/04\/1649678466_IMG_1732677.jpg 500w, https:\/\/dailyweb.pl\/stalka\/wp-content\/uploads\/2025\/04\/1649678466_IMG_1732677-300x300.jpg 300w, https:\/\/dailyweb.pl\/stalka\/wp-content\/uploads\/2025\/04\/1649678466_IMG_1732677-150x150.jpg 150w, https:\/\/dailyweb.pl\/stalka\/wp-content\/uploads\/2025\/04\/1649678466_IMG_1732677-80x80.jpg 80w\" sizes=\"(max-width: 500px) 100vw, 500px\" \/><\/figure>\n\n\n\n<p>No dobra, gdyby\u015bmy zgodnie z tytu\u0142em si\u0119 za\u0142o\u017cyli, a jeste\u015bcie sta\u0142ymi czytelnikami sta\u0142ki, to m\u00f3g\u0142bym przegra\u0107, bo pisa\u0142em ju\u017c o tym fenomenie w <a href=\"https:\/\/dailyweb.pl\/stalka\/kompakty-wciaz-rosna-kosztem-aparatow-z-wymienna-optyka-nowy-raport-bcn\/\" target=\"_blank\" rel=\"noreferrer noopener\">marcu<\/a> i <a href=\"https:\/\/dailyweb.pl\/stalka\/najlepiej-sprzedajace-sie-aparaty-w-japonii-produkuje-kodak\/\" target=\"_blank\" rel=\"noreferrer noopener\">czerwcu<\/a> zesz\u0142ego roku. Mowa oczywi\u015bcie o Kodaku i jego aparacie Pixpro FZ55. Tani kompakt z 16.76 megapikselow\u0105 matryc\u0105 1\/2.3&#8243; (CMOS) i zoomem o ekwiwalencie 28 mm &#8211; 140 mm i \u015bwiat\u0142osile F3.9 &#8211; 6.3, nie wiedzie\u0107 czemu zawojowa\u0142 rynek japo\u0144ski. Aparat kr\u00f3lowa\u0142 na li\u015bcie najpopularniejszych kompakt\u00f3w w Japonii w zesz\u0142ym roku i w rankingu za luty i marzec 2025 wci\u0105\u017c jest na czele. Za jego plecami Fujifilm Instax Mini Evo i Panasonic Lumix TZ99.<\/p>\n\n\n\n<p>Og\u00f3lnie spogl\u0105daj\u0105c na raport, kompakty w Japonii wci\u0105\u017c maj\u0105 si\u0119 \u015bwietnie. W marcu bie\u017c\u0105cego roku ca\u0142kowita wielko\u015b\u0107 sprzeda\u017cy wzros\u0142a o 39% rok do roku, podczas gdy warto\u015b\u0107 sprzeda\u017cy wzros\u0142a o 13,6%. Moim zdaniem to dopiero pocz\u0105tek i renesans kompakt\u00f3w b\u0119dzie post\u0119powa\u0142, cho\u0107 \u017cycz\u0119 sobie, by by\u0142 to bardziej renesans w stylu Fujifilm X100VI ni\u017c Pixpro FZ55.<\/p>\n\n\n\n<figure class=\"wp-block-embed is-type-wp-embed is-provider-sta-ka-pl wp-block-embed-sta-ka-pl\"><div class=\"wp-block-embed__wrapper\">\n<blockquote class=\"wp-embedded-content\" data-secret=\"VCts7ymseS\"><a href=\"https:\/\/dailyweb.pl\/stalka\/jeszcze-wiecej-ai-nadchodzi-wiosenna-aktualizacja-luminar-neo\/\">Jeszcze wi\u0119cej AI \u2013 nadchodzi\u00a0wiosenna aktualizacja Luminar Neo\u00a0<\/a><\/blockquote><iframe class=\"wp-embedded-content\" sandbox=\"allow-scripts\" security=\"restricted\" style=\"position: absolute; visibility: hidden;\" title=\"&#8222;Jeszcze wi\u0119cej AI \u2013 nadchodzi\u00a0wiosenna aktualizacja Luminar Neo\u00a0&#8221; &#8212; sta\u0142ka.pl\" src=\"https:\/\/dailyweb.pl\/stalka\/jeszcze-wiecej-ai-nadchodzi-wiosenna-aktualizacja-luminar-neo\/embed\/#?secret=M2mPhQaFB4#?secret=VCts7ymseS\" data-secret=\"VCts7ymseS\" width=\"600\" height=\"338\" frameborder=\"0\" marginwidth=\"0\" marginheight=\"0\" scrolling=\"no\"><\/iframe>\n<\/div><\/figure>\n\n\n\n<p>Dajcie zna\u0107 w komentarzu czy Pixpro FZ55 na szczycie Was zaskoczy\u0142, czy wiedzieli\u015bcie o do\u015b\u0107 zaskakuj\u0105cym gu\u015bcie m\u0142odego pokolenia Japo\u0144czyk\u00f3w, bo to w\u0142a\u015bnie tw\u00f3rcy tre\u015bci i influencerzy wypromowali ten aparat, kt\u00f3ry ma dawa\u0107 ten charakterystyczny retro vibe. Nie  retro lat 60-70, do kt\u00f3rego moje pokolenie ch\u0119tnie nawi\u0105zuje, a retro lat 00, za kt\u00f3rym ja wcale nie t\u0119skni\u0119.<\/p>\n","protected":false},"excerpt":{"rendered":"<div class=\"nofuss_excerpt\"><p>Nowy ranking BCN+R potwierdza, \u017ce japo\u0144ski kr\u00f3l kompakt\u00f3w ma si\u0119 dobrze.<\/p>\n<\/div>","protected":false},"author":2,"featured_media":20268,"comment_status":"open","ping_status":"open","sticky":false,"template":"","format":"standard","meta":{"_acf_changed":false,"footnotes":""},"categories":[1],"tags":[257,105,733],"class_list":["post-20254","post","type-post","status-publish","format-standard","has-post-thumbnail","hentry","category-aktualnosci","tag-bcn","tag-kodak","tag-pixpro-fz55"],"acf":[],"_links":{"self":[{"href":"https:\/\/dailyweb.pl\/stalka\/wp-json\/wp\/v2\/posts\/20254","targetHints":{"allow":["GET"]}}],"collection":[{"href":"https:\/\/dailyweb.pl\/stalka\/wp-json\/wp\/v2\/posts"}],"about":[{"href":"https:\/\/dailyweb.pl\/stalka\/wp-json\/wp\/v2\/types\/post"}],"author":[{"embeddable":true,"href":"https:\/\/dailyweb.pl\/stalka\/wp-json\/wp\/v2\/users\/2"}],"replies":[{"embeddable":true,"href":"https:\/\/dailyweb.pl\/stalka\/wp-json\/wp\/v2\/comments?post=20254"}],"version-history":[{"count":16,"href":"https:\/\/dailyweb.pl\/stalka\/wp-json\/wp\/v2\/posts\/20254\/revisions"}],"predecessor-version":[{"id":20273,"href":"https:\/\/dailyweb.pl\/stalka\/wp-json\/wp\/v2\/posts\/20254\/revisions\/20273"}],"wp:featuredmedia":[{"embeddable":true,"href":"https:\/\/dailyweb.pl\/stalka\/wp-json\/wp\/v2\/media\/20268"}],"wp:attachment":[{"href":"https:\/\/dailyweb.pl\/stalka\/wp-json\/wp\/v2\/media?parent=20254"}],"wp:term":[{"taxonomy":"category","embeddable":true,"href":"https:\/\/dailyweb.pl\/stalka\/wp-json\/wp\/v2\/categories?post=20254"},{"taxonomy":"post_tag","embeddable":true,"href":"https:\/\/dailyweb.pl\/stalka\/wp-json\/wp\/v2\/tags?post=20254"}],"curies":[{"name":"wp","href":"https:\/\/api.w.org\/{rel}","templated":true}]}}