{"id":19777,"date":"2025-04-18T12:12:45","date_gmt":"2025-04-18T10:12:45","guid":{"rendered":"https:\/\/dailyweb.pl\/stalka\/?p=19777"},"modified":"2025-04-18T12:12:46","modified_gmt":"2025-04-18T10:12:46","slug":"canon-przelozyl-majowe-premiery-sprzetu-w-europie-obnizki-cen-w-usa-odwrotnie","status":"publish","type":"post","link":"https:\/\/dailyweb.pl\/stalka\/canon-przelozyl-majowe-premiery-sprzetu-w-europie-obnizki-cen-w-usa-odwrotnie\/","title":{"rendered":"Canon prze\u0142o\u017cy\u0142 majowe premiery sprz\u0119tu. W europie obni\u017cki cen w USA odwrotnie"},"content":{"rendered":"\n<p>Jak ju\u017c pisali\u015bmy w maju spodziewali\u015bmy si\u0119 premiery Canona EOS R6 Mark III lub R10 Mark II \u2014 niestety premiery zosta\u0142y prze\u0142o\u017cone. Wiemy te\u017c, \u017ce obni\u017cki cen w maju nie s\u0105 zagro\u017cone dla rynku europejskiego, ale ceny w USA p\u00f3jd\u0105 mocno w g\u00f3r\u0119.&nbsp;<\/p>\n\n\n\n<p>To smutna wiadomo\u015b\u0107 dla \u017c\u0105dnych nowego sprz\u0119tu os\u00f3b oraz mieszka\u0144c\u00f3w USA. Z drugiej strony Europejczycy b\u0119d\u0105 mogli cieszy\u0107 si\u0119 znacz\u0105cymi obni\u017ckami modeli EOS R6 Mark II oraz EOS R10.<\/p>\n\n\n\n<h2 class=\"wp-block-heading\">Burza na rynku dotyka r\u00f3wnie\u017c Canona<\/h2>\n\n\n\n<figure class=\"wp-block-image size-large\"><img fetchpriority=\"high\" decoding=\"async\" width=\"1024\" height=\"819\" src=\"https:\/\/dailyweb.pl\/stalka\/wp-content\/uploads\/2024\/12\/canon_r6_mark_III-1024x819.jpg\" alt=\"\" class=\"wp-image-14681\" title=\"\" srcset=\"https:\/\/dailyweb.pl\/stalka\/wp-content\/uploads\/2024\/12\/canon_r6_mark_III-1024x819.jpg 1024w, https:\/\/dailyweb.pl\/stalka\/wp-content\/uploads\/2024\/12\/canon_r6_mark_III-300x240.jpg 300w, https:\/\/dailyweb.pl\/stalka\/wp-content\/uploads\/2024\/12\/canon_r6_mark_III-768x614.jpg 768w, https:\/\/dailyweb.pl\/stalka\/wp-content\/uploads\/2024\/12\/canon_r6_mark_III.jpg 1350w\" sizes=\"(max-width: 1024px) 100vw, 1024px\" \/><\/figure>\n\n\n\n<p>Jak podaje niezawodny <a href=\"https:\/\/www.canonrumors.com\/canon-announcement-delays-possible-including-the-canon-eos-r6-mark-iii\/\" target=\"_blank\" rel=\"noreferrer noopener nofollow\">serwis Canon Rumors<\/a> ju\u017c wiadomo, co b\u0119d\u0105 oznacza\u0142y zaporowe c\u0142a na\u0142o\u017cone na rynki azjatyckie przez Donalda Trumpa. Niedawno informowali\u015bmy, \u017ce klienci ze stan\u00f3w nie b\u0119d\u0105 mogli si\u0119 cieszy\u0107 zapowiadanymi w Europie obni\u017ckami, ale zbilansuje ona wy\u017csze c\u0142a i nie b\u0119dzie podwy\u017cek. Niestety to b\u0142\u0105d, jak donosi powy\u017cszy serwis, ameryka\u0144ski oddzia\u0142 firmy podniesie ceny o 7-8%.<\/p>\n\n\n\n<figure class=\"wp-block-embed is-type-wp-embed is-provider-sta-ka-pl wp-block-embed-sta-ka-pl\"><div class=\"wp-block-embed__wrapper\">\n<blockquote class=\"wp-embedded-content\" data-secret=\"a3j2CGjnaD\"><a href=\"https:\/\/dailyweb.pl\/stalka\/canon-szykuje-dla-nas-dwa-obiektywy-z-przyslona-f-1-2\/\">Canon szykuje dla nas dwa obiektywy z przys\u0142on\u0105 f\/1.2<\/a><\/blockquote><iframe class=\"wp-embedded-content\" sandbox=\"allow-scripts\" security=\"restricted\" style=\"position: absolute; visibility: hidden;\" title=\"&#8222;Canon szykuje dla nas dwa obiektywy z przys\u0142on\u0105 f\/1.2&#8221; &#8212; sta\u0142ka.pl\" src=\"https:\/\/dailyweb.pl\/stalka\/canon-szykuje-dla-nas-dwa-obiektywy-z-przyslona-f-1-2\/embed\/#?secret=brLYoCMPV1#?secret=a3j2CGjnaD\" data-secret=\"a3j2CGjnaD\" width=\"600\" height=\"338\" frameborder=\"0\" marginwidth=\"0\" marginheight=\"0\" scrolling=\"no\"><\/iframe>\n<\/div><\/figure>\n\n\n\n<p>Prawdopodobnie w\u0142a\u015bnie te zawirowania na rynku ameryka\u0144skim b\u0119d\u0105 mia\u0142y dalsze skutki. W maju spodziewali\u015bmy si\u0119 premiery nowego aparatu i b\u0119dzie to Canon EOS R6 Mark III, EOS R7 Mark II lub EOS R10 Mark II. Razem z aparatem mia\u0142y te\u017c zadebiutowa\u0107 dwa nowe obiektywy.&nbsp;<\/p>\n\n\n\n<p>Teraz dowiadujemy si\u0119 niestety, \u017ce wielka premiera nowego sprz\u0119tu, kt\u00f3ra planowana by\u0142a na koniec maju, nie b\u0119dzie mia\u0142a miejsca. Co wi\u0119cej, nie ma te\u017c plan\u00f3w na kiedy zostanie prze\u0142o\u017cona.&nbsp;<\/p>\n\n\n\n<p>Jedyna dobra wiadomo\u015b\u0107 czeka osoby, kt\u00f3re nie czekaj\u0105 na nowy sprz\u0119t i wol\u0105 kupi\u0107 sprz\u0119t w lepszej cenie. Okazuje si\u0119, \u017ce obni\u017cki na niekt\u00f3re modele na rynku europejskim nadal s\u0105 w planach na maj.&nbsp;<\/p>\n","protected":false},"excerpt":{"rendered":"<div class=\"nofuss_excerpt\"><p>Canon przek\u0142ada majow\u0105, wielk\u0105 premier\u0119 sprz\u0119tu, podnosi ceny w USA, ale obni\u017ca w Europie.<\/p>\n<\/div>","protected":false},"author":3,"featured_media":18961,"comment_status":"open","ping_status":"open","sticky":false,"template":"","format":"standard","meta":{"_acf_changed":false,"footnotes":""},"categories":[1],"tags":[83,339],"class_list":["post-19777","post","type-post","status-publish","format-standard","has-post-thumbnail","hentry","category-aktualnosci","tag-canon","tag-canon-eos-r6-mark-iii"],"acf":[],"_links":{"self":[{"href":"https:\/\/dailyweb.pl\/stalka\/wp-json\/wp\/v2\/posts\/19777","targetHints":{"allow":["GET"]}}],"collection":[{"href":"https:\/\/dailyweb.pl\/stalka\/wp-json\/wp\/v2\/posts"}],"about":[{"href":"https:\/\/dailyweb.pl\/stalka\/wp-json\/wp\/v2\/types\/post"}],"author":[{"embeddable":true,"href":"https:\/\/dailyweb.pl\/stalka\/wp-json\/wp\/v2\/users\/3"}],"replies":[{"embeddable":true,"href":"https:\/\/dailyweb.pl\/stalka\/wp-json\/wp\/v2\/comments?post=19777"}],"version-history":[{"count":4,"href":"https:\/\/dailyweb.pl\/stalka\/wp-json\/wp\/v2\/posts\/19777\/revisions"}],"predecessor-version":[{"id":19805,"href":"https:\/\/dailyweb.pl\/stalka\/wp-json\/wp\/v2\/posts\/19777\/revisions\/19805"}],"wp:featuredmedia":[{"embeddable":true,"href":"https:\/\/dailyweb.pl\/stalka\/wp-json\/wp\/v2\/media\/18961"}],"wp:attachment":[{"href":"https:\/\/dailyweb.pl\/stalka\/wp-json\/wp\/v2\/media?parent=19777"}],"wp:term":[{"taxonomy":"category","embeddable":true,"href":"https:\/\/dailyweb.pl\/stalka\/wp-json\/wp\/v2\/categories?post=19777"},{"taxonomy":"post_tag","embeddable":true,"href":"https:\/\/dailyweb.pl\/stalka\/wp-json\/wp\/v2\/tags?post=19777"}],"curies":[{"name":"wp","href":"https:\/\/api.w.org\/{rel}","templated":true}]}}