{"id":19491,"date":"2025-04-14T08:54:16","date_gmt":"2025-04-14T06:54:16","guid":{"rendered":"https:\/\/dailyweb.pl\/stalka\/?p=19491"},"modified":"2025-04-14T08:55:29","modified_gmt":"2025-04-14T06:55:29","slug":"canon-szykuje-dla-nas-dwa-obiektywy-z-przyslona-f-1-2","status":"publish","type":"post","link":"https:\/\/dailyweb.pl\/stalka\/canon-szykuje-dla-nas-dwa-obiektywy-z-przyslona-f-1-2\/","title":{"rendered":"Canon szykuje dla nas dwa obiektywy z przys\u0142on\u0105 f\/1.2"},"content":{"rendered":"\n<p>W opinii wielu os\u00f3b system obiektyw\u00f3w RF oferuje niedostateczn\u0105 ofert\u0119 obiektyw\u00f3w, kt\u00f3re na domiar z\u0142ego s\u0105 drogie. Gdy jednak przyjrzymy si\u0119 faktom, sytuacja jest znacznie lepsza, ni\u017c wielu osobom si\u0119 wydaje. Teraz dowiadujemy si\u0119 o kolejnych nowo\u015bciach!<\/p>\n\n\n\n<p>Poprzedni system obiektyw\u00f3w EF przyni\u00f3s\u0142 dok\u0142adnie 200 produkt\u00f3w, kt\u00f3re debiutowa\u0142y na przestrzeni 31 lat. Po nieca\u0142ych 7 latach system RF oferuje ju\u017c 49 obiektyw\u00f3w i kilka innych akcesori\u00f3w jak telekonwertery czy adaptery filtr\u00f3w. Trzeba przyzna\u0107, \u017ce to solidna oferta, ale Canon nie zamierza zwolni\u0107 \u2014 jeszcze wiele premier jest przed nami.<\/p>\n\n\n\n<h2 class=\"wp-block-heading\">Dwie nowe sta\u0142ki z przys\u0142on\u0105 f\/1.2<\/h2>\n\n\n\n<figure class=\"wp-block-image size-large\"><img fetchpriority=\"high\" decoding=\"async\" width=\"1024\" height=\"683\" src=\"https:\/\/dailyweb.pl\/stalka\/wp-content\/uploads\/2024\/06\/canon-RF-35-mm-F1.4L-VCM-hero-1024x683.jpg\" alt=\"\" class=\"wp-image-8618\" title=\"\" srcset=\"https:\/\/dailyweb.pl\/stalka\/wp-content\/uploads\/2024\/06\/canon-RF-35-mm-F1.4L-VCM-hero-1024x683.jpg 1024w, https:\/\/dailyweb.pl\/stalka\/wp-content\/uploads\/2024\/06\/canon-RF-35-mm-F1.4L-VCM-hero-300x200.jpg 300w, https:\/\/dailyweb.pl\/stalka\/wp-content\/uploads\/2024\/06\/canon-RF-35-mm-F1.4L-VCM-hero-768x512.jpg 768w, https:\/\/dailyweb.pl\/stalka\/wp-content\/uploads\/2024\/06\/canon-RF-35-mm-F1.4L-VCM-hero-1536x1025.jpg 1536w, https:\/\/dailyweb.pl\/stalka\/wp-content\/uploads\/2024\/06\/canon-RF-35-mm-F1.4L-VCM-hero-2048x1366.jpg 2048w\" sizes=\"(max-width: 1024px) 100vw, 1024px\" \/><\/figure>\n\n\n\n<p><a href=\"https:\/\/www.canonrumors.com\/is-there-a-pair-of-new-f-1-2l-lenses-on-the-horizon\/\" target=\"_blank\" rel=\"noreferrer noopener nofollow\">Serwis Canon Rumors<\/a> donosi, \u017ce Canon dalej chce kontynuowa\u0107 sw\u00f3j plan wydawania od 8 do 10 obiektyw\u00f3w rocznie. Po nowych produktach z serii RF-S &nbsp;(dla aparat\u00f3w z matrycami APS-S) firma prowadzi\u0142a te\u017c kilka modeli do pracy hybrydowej (czyli r\u00f3wnie\u017c wideo) z nowymi silnikami VCF, kt\u00f3re pokochali u\u017cytkownicy. Teraz pora jednak by dopie\u015bci\u0107 mi\u0142o\u015bnik\u00f3w sta\u0142oogniskowych, bardzo jasnych obiektyw\u00f3w.<\/p>\n\n\n\n<p>Jak przekonuje powy\u017cszy serwis, jeszcze na ten rok przewidziane s\u0105 dwie nowo\u015bci. Niestety nie o nich zbyt wielu informacji. Wiadomo, \u017ce oba maj\u0105 oferowa\u0107 przys\u0142on\u0119 f\/1.2. Osoby odpowiedzialne za przekazanie informacji nie maj\u0105 poj\u0119cia, lub nie mog\u0105 jeszcze zdradzi\u0107, czy b\u0119dzie to od\u015bwie\u017cenie obiektyw\u00f3w, kt\u00f3re ju\u017c s\u0105 oferowane czy te\u017c ca\u0142kiem nowe konstrukcje o unikalnych w systemie RF ogniskowych.\u00a0<\/p>\n\n\n\n<p>https:\/\/dailyweb.pl\/stalka\/canon-obnizy-ceny-r5-i-r7\/<br><br>Tu nasuwa si\u0119 my\u015bl o tym, \u017ce w ofercie nadal brakuje, wyczekiwanego przez wiele os\u00f3b obiektywu o ogniskowej 35 mm. Co prawda niedawno zaprezentowano jego wersj\u0119 VCF, ale nadal zadowala to w pe\u0142ni wszystkich u\u017cytkownik\u00f3w. Spodziewa\u0107 tu mo\u017cna si\u0119 r\u00f3wnie\u017c szerszego obiektywu &#8211; 28 mm, 24 mm lub nawet 20 mm, przy czym najlogiczniejsz\u0105 opcj\u0105 by\u0142oby zaprezentowanie modelu 24 mm.<\/p>\n","protected":false},"excerpt":{"rendered":"<div class=\"nofuss_excerpt\"><p>Canon ju\u017c nied\u0142ugo, mo\u017ce zaprezentowa\u0107 dwa kolejne, bardzo jasne obiektywy sta\u0142oogniskowe.<\/p>\n<\/div>","protected":false},"author":3,"featured_media":7168,"comment_status":"open","ping_status":"open","sticky":false,"template":"","format":"standard","meta":{"_acf_changed":false,"footnotes":""},"categories":[1],"tags":[83,124],"class_list":["post-19491","post","type-post","status-publish","format-standard","has-post-thumbnail","hentry","category-aktualnosci","tag-canon","tag-obiektywy-rf"],"acf":[],"_links":{"self":[{"href":"https:\/\/dailyweb.pl\/stalka\/wp-json\/wp\/v2\/posts\/19491","targetHints":{"allow":["GET"]}}],"collection":[{"href":"https:\/\/dailyweb.pl\/stalka\/wp-json\/wp\/v2\/posts"}],"about":[{"href":"https:\/\/dailyweb.pl\/stalka\/wp-json\/wp\/v2\/types\/post"}],"author":[{"embeddable":true,"href":"https:\/\/dailyweb.pl\/stalka\/wp-json\/wp\/v2\/users\/3"}],"replies":[{"embeddable":true,"href":"https:\/\/dailyweb.pl\/stalka\/wp-json\/wp\/v2\/comments?post=19491"}],"version-history":[{"count":3,"href":"https:\/\/dailyweb.pl\/stalka\/wp-json\/wp\/v2\/posts\/19491\/revisions"}],"predecessor-version":[{"id":19497,"href":"https:\/\/dailyweb.pl\/stalka\/wp-json\/wp\/v2\/posts\/19491\/revisions\/19497"}],"wp:featuredmedia":[{"embeddable":true,"href":"https:\/\/dailyweb.pl\/stalka\/wp-json\/wp\/v2\/media\/7168"}],"wp:attachment":[{"href":"https:\/\/dailyweb.pl\/stalka\/wp-json\/wp\/v2\/media?parent=19491"}],"wp:term":[{"taxonomy":"category","embeddable":true,"href":"https:\/\/dailyweb.pl\/stalka\/wp-json\/wp\/v2\/categories?post=19491"},{"taxonomy":"post_tag","embeddable":true,"href":"https:\/\/dailyweb.pl\/stalka\/wp-json\/wp\/v2\/tags?post=19491"}],"curies":[{"name":"wp","href":"https:\/\/api.w.org\/{rel}","templated":true}]}}