{"id":19220,"date":"2025-04-04T09:34:55","date_gmt":"2025-04-04T07:34:55","guid":{"rendered":"https:\/\/dailyweb.pl\/stalka\/?p=19220"},"modified":"2025-04-07T12:55:11","modified_gmt":"2025-04-07T10:55:11","slug":"canon-eos-r7-mark-ii-znow-daje-osobie-znac-zmiany-moga-byc-rewolucyjne","status":"publish","type":"post","link":"https:\/\/dailyweb.pl\/stalka\/canon-eos-r7-mark-ii-znow-daje-osobie-znac-zmiany-moga-byc-rewolucyjne\/","title":{"rendered":"Canon EOS R7 Mark II zn\u00f3w daje o sobie zna\u0107. Zmiany mog\u0105 by\u0107 rewolucyjne"},"content":{"rendered":"\n<p>Pod koniec stycznia dobieg\u0142y <a href=\"https:\/\/dailyweb.pl\/stalka\/wyciekla-specyfikacja-nowego-aparatu-to-canon-r7-mark-ii\/\" target=\"_blank\" rel=\"noreferrer noopener nofollow\">nas plotki o tym<\/a>, \u017ce Canon planuje ju\u017c nast\u0119pc\u0119 dla modelu R7. Okaza\u0142o si\u0119 jednak, \u017ce dotyczy\u0142y one zaprezentowanego niedawno Canona EOS R50V. Co\u015b jednak jest na rzeczy, bo temat Canona EOS R7 Mark II w\u0142a\u015bnie wr\u00f3ci\u0142.<\/p>\n\n\n\n<p>To dobra wiadomo\u015b\u0107 dla fan\u00f3w aparat\u00f3w z matrycami APS-C. Jeszcze lepsz\u0105 jest to, \u017ce aparat b\u0119dzie naprawd\u0119 spor\u0105 rewolucj\u0105 i prawdopodobnie jak Fuji X100VI znacznie podniesie rynkow\u0105 poprzeczk\u0119.<\/p>\n\n\n\n<h2 class=\"wp-block-heading\">Canon EOS R7 Mark II z matryc\u0105 40 MP i bez mechanicznej migawki<\/h2>\n\n\n\n<figure class=\"wp-block-image size-large\"><img fetchpriority=\"high\" decoding=\"async\" width=\"1024\" height=\"682\" src=\"https:\/\/dailyweb.pl\/stalka\/wp-content\/uploads\/2025\/04\/Obrazek-28-1024x682.jpeg\" alt=\"\" class=\"wp-image-19221\" title=\"\" srcset=\"https:\/\/dailyweb.pl\/stalka\/wp-content\/uploads\/2025\/04\/Obrazek-28-1024x682.jpeg 1024w, https:\/\/dailyweb.pl\/stalka\/wp-content\/uploads\/2025\/04\/Obrazek-28-300x200.jpeg 300w, https:\/\/dailyweb.pl\/stalka\/wp-content\/uploads\/2025\/04\/Obrazek-28-768x512.jpeg 768w, https:\/\/dailyweb.pl\/stalka\/wp-content\/uploads\/2025\/04\/Obrazek-28-1536x1024.jpeg 1536w, https:\/\/dailyweb.pl\/stalka\/wp-content\/uploads\/2025\/04\/Obrazek-28.jpeg 2000w\" sizes=\"(max-width: 1024px) 100vw, 1024px\" \/><\/figure>\n\n\n\n<p>Pierwsze pog\u0142oski o nast\u0119pcy modelu R7 pojawi\u0142y si\u0119 ju\u017c w styczniu. Pod koniec stycznia nawet my informowali\u015bmy, \u017ce temat wraca na tapet i publikowali\u015bmy wtedy specyfikacj\u0119. Niestety dotyczy\u0142a ona jednak modelu, kt\u00f3rego premiera odby\u0142a si\u0119 <a href=\"https:\/\/www.canonrumors.com\/canon-eos-r7-mark-ii-what-we-know\/\" target=\"_blank\" rel=\"noreferrer noopener nofollow\">dwa tygodnie temu &#8211; R50V.<\/a> Teraz temat jednak znowu pojawia si\u0119 na ustach leaker\u00f3w. Jak podaje serwis Canon Rumors powo\u0142uj\u0105c si\u0119 na anonimowe, ale pewne \u017ar\u00f3d\u0142o model R7 Mark II nabiera kszta\u0142t\u00f3w. Jak podano, model ten przejdzie sporo zmian. Zacznijmy od tego, \u017ce mo\u017ce on otrzyma\u0107 nowy rodzaj matrycy, <strong>kt\u00f3ry b\u0119dzie mia\u0142 rozdzielczo\u015b\u0107 podniesion\u0105 z 32 MP do oko\u0142o 40 MP.<\/strong> Wydaje si\u0119 to fikcj\u0105, ale Fujifilm X100IV pokaza\u0142, \u017ce to mo\u017cliwe. Co wi\u0119cej, model ten mia\u0142by otrzyma\u0107 <strong>mo\u017cliwo\u015b\u0107 nagrywania materia\u0142\u00f3w w rozdzielczo\u015bci 8K. <\/strong>Najciekawsz\u0105 i rewolucyjn\u0105 wr\u0119cz zmian\u0105 ma by\u0107 tu jednak <strong>pozbawienie aparatu mechanicznej migawki!<\/strong><\/p>\n\n\n\n<figure class=\"wp-block-embed is-type-wp-embed is-provider-sta-ka-pl wp-block-embed-sta-ka-pl\"><div class=\"wp-block-embed__wrapper\">\n<blockquote class=\"wp-embedded-content\" data-secret=\"tUAqy1SgXk\"><a href=\"https:\/\/dailyweb.pl\/stalka\/eos-r50-v-canon-mocno-stawia-na-wideo-pierwsze-wrazenia\/\">EOS R50 V\u00a0\u2013 Canon mocno stawia na wideo [pierwsze wra\u017cenia]<\/a><\/blockquote><iframe class=\"wp-embedded-content\" sandbox=\"allow-scripts\" security=\"restricted\" style=\"position: absolute; visibility: hidden;\" title=\"&#8222;EOS R50 V\u00a0\u2013 Canon mocno stawia na wideo [pierwsze wra\u017cenia]&#8221; &#8212; sta\u0142ka.pl\" src=\"https:\/\/dailyweb.pl\/stalka\/eos-r50-v-canon-mocno-stawia-na-wideo-pierwsze-wrazenia\/embed\/#?secret=RlKHxPQD8Y#?secret=tUAqy1SgXk\" data-secret=\"tUAqy1SgXk\" width=\"600\" height=\"338\" frameborder=\"0\" marginwidth=\"0\" marginheight=\"0\" scrolling=\"no\"><\/iframe>\n<\/div><\/figure>\n\n\n\n<p>Drug\u0105 istotn\u0105 nowo\u015bci\u0105 ma by\u0107 przeprojektowana obudowa. Ma mie\u0107 ona nieznacznie wi\u0119kszy rozmiar. Topologia klawiszy i rolek do obs\u0142ugi ma bardziej przypomina\u0107 t\u0105 z Canona R5 Mark II. To zmiana, kt\u00f3r\u0105 doceni wiele fan\u00f3w \u2014 oryginalny R7 ma charakterystyczny uk\u0142ad przycisk\u00f3w, kt\u00f3ry wygl\u0105da jak faza po\u015brednia mi\u0119dzy r\u00f3\u017cnymi generacjami aparat\u00f3w Canona. Teraz ma on by\u0107 sp\u00f3jny z obecnymi rozwi\u0105zaniami, kt\u00f3re wypracowa\u0142 Canon. Zmieniona konstrukcja i spos\u00f3b obs\u0142ugi ma r\u00f3wnie\u017c wp\u0142yn\u0105\u0107 na mo\u017cliwo\u015b\u0107 stosowania dodatkowych akcesori\u00f3w, \u017ar\u00f3d\u0142o Canon Rumors wspomina tu o gripie ch\u0142odz\u0105cym z wentylatorem.\u00a0<\/p>\n","protected":false},"excerpt":{"rendered":"<div class=\"nofuss_excerpt\"><p>Canon R7 II zn\u00f3w daje o sobie zna\u0107, tym razem mamy wi\u0119cej szczeg\u00f3\u0142\u00f3w, kt\u00f3re s\u0105 bardzo intryguj\u0105ce.<\/p>\n<\/div>","protected":false},"author":3,"featured_media":7168,"comment_status":"open","ping_status":"open","sticky":false,"template":"","format":"standard","meta":{"_acf_changed":false,"footnotes":""},"categories":[1],"tags":[83,543],"class_list":["post-19220","post","type-post","status-publish","format-standard","has-post-thumbnail","hentry","category-aktualnosci","tag-canon","tag-canon-r7-ii"],"acf":[],"_links":{"self":[{"href":"https:\/\/dailyweb.pl\/stalka\/wp-json\/wp\/v2\/posts\/19220","targetHints":{"allow":["GET"]}}],"collection":[{"href":"https:\/\/dailyweb.pl\/stalka\/wp-json\/wp\/v2\/posts"}],"about":[{"href":"https:\/\/dailyweb.pl\/stalka\/wp-json\/wp\/v2\/types\/post"}],"author":[{"embeddable":true,"href":"https:\/\/dailyweb.pl\/stalka\/wp-json\/wp\/v2\/users\/3"}],"replies":[{"embeddable":true,"href":"https:\/\/dailyweb.pl\/stalka\/wp-json\/wp\/v2\/comments?post=19220"}],"version-history":[{"count":4,"href":"https:\/\/dailyweb.pl\/stalka\/wp-json\/wp\/v2\/posts\/19220\/revisions"}],"predecessor-version":[{"id":19285,"href":"https:\/\/dailyweb.pl\/stalka\/wp-json\/wp\/v2\/posts\/19220\/revisions\/19285"}],"wp:featuredmedia":[{"embeddable":true,"href":"https:\/\/dailyweb.pl\/stalka\/wp-json\/wp\/v2\/media\/7168"}],"wp:attachment":[{"href":"https:\/\/dailyweb.pl\/stalka\/wp-json\/wp\/v2\/media?parent=19220"}],"wp:term":[{"taxonomy":"category","embeddable":true,"href":"https:\/\/dailyweb.pl\/stalka\/wp-json\/wp\/v2\/categories?post=19220"},{"taxonomy":"post_tag","embeddable":true,"href":"https:\/\/dailyweb.pl\/stalka\/wp-json\/wp\/v2\/tags?post=19220"}],"curies":[{"name":"wp","href":"https:\/\/api.w.org\/{rel}","templated":true}]}}