{"id":18543,"date":"2025-03-18T13:03:19","date_gmt":"2025-03-18T12:03:19","guid":{"rendered":"https:\/\/dailyweb.pl\/stalka\/?p=18543"},"modified":"2025-03-18T13:03:30","modified_gmt":"2025-03-18T12:03:30","slug":"ricoh-sie-nie-spieszy-gr-iv-i-kolejny-aparat-analogowy-nie-powstana-szybko-gr-iii-monochrome-najblizej","status":"publish","type":"post","link":"https:\/\/dailyweb.pl\/stalka\/ricoh-sie-nie-spieszy-gr-iv-i-kolejny-aparat-analogowy-nie-powstana-szybko-gr-iii-monochrome-najblizej\/","title":{"rendered":"Ricoh si\u0119 nie spieszy \u2013 GR IV i kolejny aparat analogowy nie powstan\u0105 szybko. GR III Monochrome najbli\u017cej?"},"content":{"rendered":"\n<p>Targi CP+ to nie tylko miejsce, gdzie prezentowane s\u0105 nowe produkty, to tak\u017ce sporo keynot\u00f3w, spotka\u0144 z mediami i przestrzeni do rozm\u00f3w z przedstawicielami poszczeg\u00f3lnych firm. Serwis DPreview podczas rozmowy z Kazunobu Saikim, dyrektorem generalnym dzia\u0142u aparat\u00f3w fotograficznych Ricoh, poruszy\u0142 kilka ciekawych temat\u00f3w, kt\u00f3re warto Wam przybli\u017cy\u0107.<\/p>\n\n\n\n<h2 class=\"wp-block-heading\">GR IV? Powr\u00f3t lampy b\u0142yskowej i lepsza bateria kosztem rozmiar\u00f3w?<\/h2>\n\n\n\n<figure class=\"wp-block-image size-full\"><img fetchpriority=\"high\" decoding=\"async\" width=\"943\" height=\"530\" src=\"https:\/\/dailyweb.pl\/stalka\/wp-content\/uploads\/2024\/05\/gr_hdf_01.avif\" alt=\"\" class=\"wp-image-8074\" title=\"\" srcset=\"https:\/\/dailyweb.pl\/stalka\/wp-content\/uploads\/2024\/05\/gr_hdf_01.avif 943w, https:\/\/dailyweb.pl\/stalka\/wp-content\/uploads\/2024\/05\/gr_hdf_01-300x169.avif 300w, https:\/\/dailyweb.pl\/stalka\/wp-content\/uploads\/2024\/05\/gr_hdf_01-768x432.avif 768w\" sizes=\"(max-width: 943px) 100vw, 943px\" \/><\/figure>\n\n\n\n<p>Aparat Ricoh GR III trafi\u0142 na rynek w 2018 roku i ju\u017c w zesz\u0142ym oczekiwali\u015bmy jego od\u015bwie\u017cenia. Z du\u017cym niezadowoleniem wi\u0119c przyj\u0119li\u015bmy w redakcji premier\u0119 Ricoh GR III HDF, bo ka\u017cdy oczekiwa\u0142 ju\u017c nowego modelu. Nic dziwnego, \u017ce <a href=\"https:\/\/dailyweb.pl\/stalka\/ricoh-gr-iv-wkrotce\/\" data-type=\"post\" data-id=\"13980\" target=\"_blank\" rel=\"noreferrer noopener\">jesieni\u0105 zesz\u0142ego roku<\/a> powr\u00f3ci\u0142y plotki o nast\u0119pcy, a styczniu <a href=\"https:\/\/dailyweb.pl\/stalka\/czy-w-tym-roku-zobaczymy-ricoh-gr-iv\/\" target=\"_blank\" rel=\"noreferrer noopener\">Sebastian pisa\u0142 o przeciekach na temat Ricoh GR IV<\/a>. W rozmowie pad\u0142o pytanie o rozw\u00f3j nast\u0119pcy modelu GR III, jednak odpowiedzi nie powinny napawa\u0107 nas optymizmem.<\/p>\n\n\n\n<p>Wszystko dlatego, \u017ce dostajemy raczej gar\u015b\u0107 idei, jak powinna wygl\u0105da\u0107 nast\u0119pna iteracja modelu, ni\u017c konkretne odpowiedzi. Kazunobu Saiki w wywiadzie dla DPreview m\u00f3wi: \u201eKompaktowo\u015b\u0107, wysoka jako\u015b\u0107 obrazu i responsywno\u015b\u0107 to sedno marki GR, obok ewolucji, wi\u0119c wszyscy szukaj\u0105 ulepsze\u0144 w tych trzech obszarach. Musimy wi\u0119c pomy\u015ble\u0107 o tym, jak ewoluowa\u0107 od tego momentu\u201d. Dodaje tak\u017ce kilka s\u0142\u00f3w o lampie b\u0142yskowej: \u201ePrzeprowadzili\u015bmy wiele bada\u0144 w wielu krajach. Wiele bada\u0144 m\u00f3wi nam, \u017ce wielu u\u017cytkownik\u00f3w \u017c\u0105da wbudowanej lampy b\u0142yskowej i \u017ce u\u017cywaj\u0105 ma\u0142ych lamp b\u0142yskowych, w tym produkt\u00f3w innych firm, poniewa\u017c usun\u0119li\u015bmy funkcj\u0119 lampy b\u0142yskowej mi\u0119dzy GR II a GR III. Wiemy wi\u0119c, \u017ce wiele os\u00f3b chce lampy b\u0142yskowej, je\u015bli mo\u017cna j\u0105 zmie\u015bci\u0107 w bardzo ma\u0142ym rozmiarze GR III\u201d.<\/p>\n\n\n\n<p>Ca\u0142o\u015b\u0107 podsumowuje nast\u0119puj\u0105co \u201eTe rzeczy s\u0105 jednak ze sob\u0105 sprzeczne. Poniewa\u017c ludzie chc\u0105 ulepsze\u0144 we wszystkich trzech obszarach, plus lampa b\u0142yskowa. Je\u015bli chcemy poprawi\u0107 jako\u015b\u0107 obrazu, korpus mo\u017ce sta\u0107 si\u0119 wi\u0119kszy, lub je\u015bli u\u017cyjemy mocniejszego procesora, aby poprawi\u0107 szybko\u015b\u0107 i responsywno\u015b\u0107, to b\u0119dzie wymaga\u0142o wi\u0119kszej baterii, ale wytrzyma\u0142o\u015b\u0107 baterii r\u00f3wnie\u017c powinna by\u0107 d\u0142u\u017csza.\u201d Znamy ju\u017c wi\u0119c obszary, w kt\u00f3rych GRIV ma by\u0107 lepszy od GRIII, jednak s\u0142owa dyrektora generalnego dzia\u0142u aparat\u00f3w fotograficznych Ricoh nie brzmi\u0105, jakby premiera mia\u0142a nast\u0105pi\u0107 szybko.<\/p>\n\n\n\n<h2 class=\"wp-block-heading\">Nowy analog? Dopiero pokazali\u015bmy Pentaxa 17<\/h2>\n\n\n\n<figure class=\"wp-block-image size-large\"><img decoding=\"async\" width=\"1024\" height=\"683\" src=\"https:\/\/dailyweb.pl\/stalka\/wp-content\/uploads\/2024\/06\/1G7A9232-1024x683.jpg\" alt=\"Pentax 17\" class=\"wp-image-8810\" title=\"\" srcset=\"https:\/\/dailyweb.pl\/stalka\/wp-content\/uploads\/2024\/06\/1G7A9232-1024x683.jpg 1024w, https:\/\/dailyweb.pl\/stalka\/wp-content\/uploads\/2024\/06\/1G7A9232-300x200.jpg 300w, https:\/\/dailyweb.pl\/stalka\/wp-content\/uploads\/2024\/06\/1G7A9232-768x512.jpg 768w, https:\/\/dailyweb.pl\/stalka\/wp-content\/uploads\/2024\/06\/1G7A9232-1536x1024.jpg 1536w, https:\/\/dailyweb.pl\/stalka\/wp-content\/uploads\/2024\/06\/1G7A9232.jpg 1920w\" sizes=\"(max-width: 1024px) 100vw, 1024px\" \/><figcaption class=\"wp-element-caption\">Pentax 17 &#8211; doskona\u0142e analogowe male\u0144stwo, pokazane w ubieg\u0142ym roku.<\/figcaption><\/figure>\n\n\n\n<p>O pewnej dozie opiesza\u0142o\u015bci mo\u017cemy m\u00f3wi\u0107 tak\u017ce w kontek\u015bcie aparat\u00f3w analogowych. Ricoh tworzy je pod mark\u0105 Pentax. Saiki powiedzia\u0142, \u017ce zdaniem firmy jest za wcze\u015bnie, aby dzieli\u0107 si\u0119 wnioskami z premiery aparatu Pentax 17. Ricoh podchodzi do aparat\u00f3w analogowych w dw\u00f3jnas\u00f3b \u2013 jako prezentacja mo\u017cliwo\u015bci firmy i oczywi\u015bcie nowy spos\u00f3b na zarobek. \u201eJe\u015bli chodzi o warto\u015b\u0107 marki, my\u015bl\u0119, \u017ce dobrym pomys\u0142em by\u0142o wypuszczenie Pentaxa 17 jako pierwszego nowego aparatu na film pi\u0119tna\u015bcie lub dwadzie\u015bcia lat po tym, jak przemys\u0142 zaprzesta\u0142 ich produkcji\u201d.<\/p>\n\n\n\n<blockquote class=\"wp-block-quote is-layout-flow wp-block-quote-is-layout-flow\">\n<p>Chcieli\u015bmy pokaza\u0107 u\u017cytkownikom smartfon\u00f3w, na czym polega podstawa fotografii. W tym sensie Pentax 17 odegra\u0142 bardzo dobr\u0105 rol\u0119 w demonstracji warto\u015bci, kt\u00f3re reprezentuje Pentax<\/p>\n<cite>Kazunobu Saiki \u2013 dyrektor generalny dzia\u0142u aparat\u00f3w fotograficznych Ricoh<\/cite><\/blockquote>\n\n\n\n<p>Od strony biznesowej, jak m\u00f3wi Saiki, nie mo\u017cna por\u00f3wnywa\u0107 przychod\u00f3w generowanych przez Pentaxa 17 i lini\u0119 GR. Dziwne by by\u0142o, gdyby firma zak\u0142ada\u0142a, \u017ce b\u0119dzie inaczej. Zdaniem Dyrektora mniejsze przychody nie wykluczaj\u0105 automatycznie powstania nowych modeli: \u201eJe\u015bli mo\u017cemy wzbudzi\u0107 wi\u0119ksze zainteresowanie fotografi\u0105 analogow\u0105, mo\u017cemy rozwa\u017cy\u0107, jak mogliby\u015bmy stworzy\u0107 grup\u0119 produkt\u00f3w. Teraz nie jest jednak czas na rozwa\u017canie tego, poniewa\u017c dopiero co wypu\u015bcili\u015bmy pierwszy aparat na film od pi\u0119tnastu lat. Potrzebujemy czasu, aby komunikowa\u0107 si\u0119 z naszymi u\u017cytkownikami i dowiedzie\u0107 si\u0119, co doceniaj\u0105 lub czym byli rozczarowani. Potrzebujemy wystarczaj\u0105co du\u017co czasu, aby oceni\u0107 u\u017cytkowanie Pentaxa 17\u201d. Jak widzimy, Ricoh nie wie jeszcze do ko\u0144ca, jak u\u017cytkownicy oceniaj\u0105 ich produkt. Musz\u0119 przyzna\u0107, \u017ce to do\u015b\u0107 zaskakuj\u0105ce podej\u015bcie do bizensu. <\/p>\n\n\n\n<figure class=\"wp-block-embed is-type-wp-embed is-provider-sta-ka-pl wp-block-embed-sta-ka-pl\"><div class=\"wp-block-embed__wrapper\">\n<blockquote class=\"wp-embedded-content\" data-secret=\"sTFqcPX9AJ\"><a href=\"https:\/\/dailyweb.pl\/stalka\/eksplorujemy-segment-ktory-prawie-umarl-ricoh-r10-pierwsze-wrazenia-analoglife\/\">Eksplorujemy segment, kt\u00f3ry prawie umar\u0142 \u2013 Ricoh R10 \u2013 pierwsze wra\u017cenia #analoglife<\/a><\/blockquote><iframe class=\"wp-embedded-content\" sandbox=\"allow-scripts\" security=\"restricted\" style=\"position: absolute; visibility: hidden;\" title=\"&#8222;Eksplorujemy segment, kt\u00f3ry prawie umar\u0142 \u2013 Ricoh R10 \u2013 pierwsze wra\u017cenia #analoglife&#8221; &#8212; sta\u0142ka.pl\" src=\"https:\/\/dailyweb.pl\/stalka\/eksplorujemy-segment-ktory-prawie-umarl-ricoh-r10-pierwsze-wrazenia-analoglife\/embed\/#?secret=yjmrYRVtAh#?secret=sTFqcPX9AJ\" data-secret=\"sTFqcPX9AJ\" width=\"600\" height=\"338\" frameborder=\"0\" marginwidth=\"0\" marginheight=\"0\" scrolling=\"no\"><\/iframe>\n<\/div><\/figure>\n\n\n\n<h2 class=\"wp-block-heading\">Ricoh GR III Monochrome czy Ricoh GR IV Monochrome?<\/h2>\n\n\n\n<p>W rozmowie z Saikim znajdziemy tak\u017ce w\u0105tek dotycz\u0105cy monochromatycznej wersji kompaktu od Ricoh. Sebastian w styczniu pisa\u0142 o planach dotycz\u0105cych Ricoh GR IV Monochrome, jednak Dyrektor nie m\u00f3wi wprost, czy monochromatyczny kompakt, na kt\u00f3rego jest pono\u0107 popyt, to melodia bli\u017cszej czy dalszej przysz\u0142o\u015bci.<\/p>\n\n\n\n<blockquote class=\"wp-block-quote is-layout-flow wp-block-quote-is-layout-flow\">\n<p>Nasze badania wskazuj\u0105, \u017ce wielu u\u017cytkownik\u00f3w GR czeka na premier\u0119 monochromatycznego aparatu kompaktowego.<\/p>\n<\/blockquote>\n\n\n\n<p>Ja niestety obawiam si\u0119, \u017ce ca\u0142y ten wywiad jest znakiem, \u017ce kolejn\u0105 premier\u0105 od Ricoh b\u0119dzie Ricoh GR III Monochrome, czyli kolejne odgrzanie kotleta, kt\u00f3rego zd\u0105\u017cyli\u015bmy polubi\u0107, a niekt\u00f3rzy nawet pokocha\u0107, ale kt\u00f3ry zd\u0105\u017cy\u0142 nam si\u0119 ju\u017c przeje\u015b\u0107. Kiedy zobaczymy Ricoh GR IV? Jak nast\u0105pi to w 2025 roku, to b\u0119d\u0119 szczerze zdziwiony.<\/p>\n","protected":false},"excerpt":{"rendered":"<div class=\"nofuss_excerpt\"><p>Echa CP+ wci\u0105\u017c do ko\u0144ca nie ucich\u0142y. Tym razem dotarli\u015bmy do rozmowy z przedstawicielami firmy Ricoh.<\/p>\n<\/div>","protected":false},"author":2,"featured_media":18557,"comment_status":"open","ping_status":"open","sticky":false,"template":"","format":"standard","meta":{"_acf_changed":false,"footnotes":""},"categories":[1],"tags":[86,496],"class_list":["post-18543","post","type-post","status-publish","format-standard","has-post-thumbnail","hentry","category-aktualnosci","tag-ricoh","tag-ricoh-gr-iv"],"acf":[],"_links":{"self":[{"href":"https:\/\/dailyweb.pl\/stalka\/wp-json\/wp\/v2\/posts\/18543","targetHints":{"allow":["GET"]}}],"collection":[{"href":"https:\/\/dailyweb.pl\/stalka\/wp-json\/wp\/v2\/posts"}],"about":[{"href":"https:\/\/dailyweb.pl\/stalka\/wp-json\/wp\/v2\/types\/post"}],"author":[{"embeddable":true,"href":"https:\/\/dailyweb.pl\/stalka\/wp-json\/wp\/v2\/users\/2"}],"replies":[{"embeddable":true,"href":"https:\/\/dailyweb.pl\/stalka\/wp-json\/wp\/v2\/comments?post=18543"}],"version-history":[{"count":12,"href":"https:\/\/dailyweb.pl\/stalka\/wp-json\/wp\/v2\/posts\/18543\/revisions"}],"predecessor-version":[{"id":18556,"href":"https:\/\/dailyweb.pl\/stalka\/wp-json\/wp\/v2\/posts\/18543\/revisions\/18556"}],"wp:featuredmedia":[{"embeddable":true,"href":"https:\/\/dailyweb.pl\/stalka\/wp-json\/wp\/v2\/media\/18557"}],"wp:attachment":[{"href":"https:\/\/dailyweb.pl\/stalka\/wp-json\/wp\/v2\/media?parent=18543"}],"wp:term":[{"taxonomy":"category","embeddable":true,"href":"https:\/\/dailyweb.pl\/stalka\/wp-json\/wp\/v2\/categories?post=18543"},{"taxonomy":"post_tag","embeddable":true,"href":"https:\/\/dailyweb.pl\/stalka\/wp-json\/wp\/v2\/tags?post=18543"}],"curies":[{"name":"wp","href":"https:\/\/api.w.org\/{rel}","templated":true}]}}