{"id":18404,"date":"2025-03-13T09:03:54","date_gmt":"2025-03-13T08:03:54","guid":{"rendered":"https:\/\/dailyweb.pl\/stalka\/?p=18404"},"modified":"2025-03-13T09:11:58","modified_gmt":"2025-03-13T08:11:58","slug":"na-fujifilm-x-pro4-musisz-jeszcze-poczekac-firma-nie-chce-zaprezentowac-nudnego-nastepcy","status":"publish","type":"post","link":"https:\/\/dailyweb.pl\/stalka\/na-fujifilm-x-pro4-musisz-jeszcze-poczekac-firma-nie-chce-zaprezentowac-nudnego-nastepcy\/","title":{"rendered":"Na Fujifilm X-Pro4 musisz jeszcze poczeka\u0107. Firma nie chce zaprezentowa\u0107 nudnego nast\u0119pcy"},"content":{"rendered":"\n<p>Jestem pe\u0142en uznania, szefostwo firmy chce czego\u015b wi\u0119cej ni\u017c tylko nudnego nast\u0119pcy. Co ciekawe oczekiwania klient\u00f3w mog\u0105 by\u0107 jednak ca\u0142kiem inne.&nbsp;<\/p>\n\n\n\n<p><a href=\"https:\/\/dailyweb.pl\/stalka\/fujifilm-zwieksza-produkcje-x100vi-apetyt-na-rynku-na-ten-model-dalej-jest-ogromny\/\" target=\"_blank\" rel=\"noreferrer noopener\">Wczoraj wspomina\u0142em o tym<\/a>, \u017ce Fujifilm musia\u0142o stawi\u0107 czo\u0142a wielu oczekiwaniom, szalonemu popytowi i pr\u00f3bom zwi\u0119kszenia produkcji modelu X100VI. Przez ostatnie kilka lat mo\u017cna by\u0142o by\u0107 prze\u015bwiadczonym, \u017ce firma po prostu zapomnia\u0142a o nast\u0119pcy dla modelu X-Pro3. Okazuje si\u0119 jednak, \u017ce nast\u0119pca na pewno zostanie pokazany, a wszelkie op\u00f3\u017anienia dzia\u0142aj\u0105 na korzy\u015b\u0107 klienta.&nbsp;<\/p>\n\n\n\n<h2 class=\"wp-block-heading\">Na Fujifilm X-Pro4 trzeba poczeka\u0107<\/h2>\n\n\n\n<figure class=\"wp-block-image size-large\"><img fetchpriority=\"high\" decoding=\"async\" width=\"1024\" height=\"538\" src=\"https:\/\/dailyweb.pl\/stalka\/wp-content\/uploads\/2025\/03\/Obrazek-155-1024x538.jpeg\" alt=\"\" class=\"wp-image-18405\" title=\"\" srcset=\"https:\/\/dailyweb.pl\/stalka\/wp-content\/uploads\/2025\/03\/Obrazek-155-1024x538.jpeg 1024w, https:\/\/dailyweb.pl\/stalka\/wp-content\/uploads\/2025\/03\/Obrazek-155-300x158.jpeg 300w, https:\/\/dailyweb.pl\/stalka\/wp-content\/uploads\/2025\/03\/Obrazek-155-768x403.jpeg 768w, https:\/\/dailyweb.pl\/stalka\/wp-content\/uploads\/2025\/03\/Obrazek-155-1536x806.jpeg 1536w, https:\/\/dailyweb.pl\/stalka\/wp-content\/uploads\/2025\/03\/Obrazek-155.jpeg 1600w\" sizes=\"(max-width: 1024px) 100vw, 1024px\" \/><\/figure>\n\n\n\n<p><a href=\"https:\/\/petapixel.com\/2025\/03\/12\/fujifilm-doesnt-want-an-x-pro-series-successor-to-be-boring\/\" target=\"_blank\" rel=\"noreferrer noopener nofollow\">Redakcja PetaPixel<\/a> wraca z kolejnym wywiadem przeprowadzonym podczas targ\u00f3w CP+. Zn\u00f3w odpytywano w nim&nbsp;Yuji Igarashi, jednego z szef\u00f3w w Fujifilm. Yuji zdradzi\u0142 w nim bardzo ciekawe informacje na temat jednego z najbardziej charakternych aparat\u00f3w Fuji, modelu X-Pro.&nbsp;<\/p>\n\n\n\n<p>Fujifilm X-Pro3 zadebiutowa\u0142 pod koniec pa\u017adziernika 2019 roku. Konstrukcja ta przynosi\u0142a sporo nowo\u015bci. T\u0105, kt\u00f3ra najbardziej rzuca\u0142a si\u0119 w oczy by\u0142a niew\u0105tpliwie zmiana rodzaju wy\u015bwietlacza. U poprzednika zastosowano wy\u015bwietlacz typu \u201efixed\u201d czy bez mo\u017cliwo\u015bci zmiany jego pozycji. Model X-Pro wprowadzi\u0142 do\u015b\u0107 dziwne rozwi\u0105zanie, gdzie na froncie znajdowa\u0142 si\u0119 ma\u0142y wy\u015bwietlacz prezentuj\u0105cy w graficzny spos\u00f3b wybran\u0105 symulacj\u0119 filmu (w tradycyjnej fotografii cz\u0119sto w tym miejscu by\u0142a ramka, do kt\u00f3rej wsadza\u0142o si\u0119 urwany kawa\u0142ek z opakowania filmu). Wy\u015bwietlacz ten m\u00f3g\u0142 prezentowa\u0107 r\u00f3wnie\u017c podstawowe dane ekspozycji i ustawienia. Aby ods\u0142oni\u0107 normalny wy\u015bwietlacz, trzeba by\u0142o go odchyli\u0107, przy czym o\u015b obrotu znajdowa\u0142a si\u0119 u samego do\u0142u. Nie by\u0142o to zbyt praktyczne rozwi\u0105zanie, ale Fujifilm forowa\u0142o tu wizj\u0119 \u201eu\u017cytkownika, kt\u00f3ry korzysta g\u0142\u00f3wnie z wizjera\u201d.<\/p>\n\n\n\n<figure class=\"wp-block-image size-full is-style-default\"><img decoding=\"async\" width=\"669\" height=\"639\" src=\"https:\/\/dailyweb.pl\/stalka\/wp-content\/uploads\/2025\/03\/Obrazek-156.jpeg\" alt=\"Fujifilm X-Pro3 tylny panel\" class=\"wp-image-18408\" title=\"\" srcset=\"https:\/\/dailyweb.pl\/stalka\/wp-content\/uploads\/2025\/03\/Obrazek-156.jpeg 669w, https:\/\/dailyweb.pl\/stalka\/wp-content\/uploads\/2025\/03\/Obrazek-156-300x287.jpeg 300w\" sizes=\"(max-width: 669px) 100vw, 669px\" \/><\/figure>\n\n\n\n<p>Min\u0119\u0142o naprawd\u0119 sporo czasu od tej premiery. Wielu fanom serii X-Pro wydawa\u0142o si\u0119, ze firma zapomnia\u0142a, a mo\u017ce nawet ca\u0142kiem porzuci\u0142a t\u0119 seri\u0119. Przedstawiciele stanowczo temu jednak zaprzeczaj\u0105. Wszelkie op\u00f3\u017anienia wynikaj\u0105 st\u0105d, \u017ce firma chce by nast\u0119pca modelu X-Pro3 by\u0142 wyj\u0105tkowy. Fujifilm dodaje te\u017c, \u017ce prawdopodobnie sami utrudnili sobie to zadanie, czyni\u0105c obecny model zbyt wyj\u0105tkowym. Yuri przekonuje, \u017ce musi to by\u0107 co\u015b podobnego jak w Fujifilm X100VI &#8211; dodanie nowej matrycy 40 MP i stabilizacji obrazu nie tylko od\u015bwie\u017cy\u0142o seri\u0119, ale stworzy\u0142o ca\u0142kiem nowe mo\u017cliwo\u015bci. Yuri dos\u0142ownie jednak powiedzia\u0142, \u017ce mo\u017cna by to zrobi\u0107 w X-Pro4, ale b\u0119dzie to nudne!<\/p>\n\n\n\n<figure class=\"wp-block-embed is-type-wp-embed is-provider-sta-ka-pl wp-block-embed-sta-ka-pl\"><div class=\"wp-block-embed__wrapper\">\n<blockquote class=\"wp-embedded-content\" data-secret=\"eKSwe9rsbZ\"><a href=\"https:\/\/dailyweb.pl\/stalka\/alez-on-uroczy-pierwsze-wrazenia-fujifilm-x-m5\/\">Ale\u017c on uroczy. Pierwsze wra\u017cenia Fujifilm X-M5<\/a><\/blockquote><iframe class=\"wp-embedded-content\" sandbox=\"allow-scripts\" security=\"restricted\" style=\"position: absolute; visibility: hidden;\" title=\"&#8222;Ale\u017c on uroczy. Pierwsze wra\u017cenia Fujifilm X-M5&#8221; &#8212; sta\u0142ka.pl\" src=\"https:\/\/dailyweb.pl\/stalka\/alez-on-uroczy-pierwsze-wrazenia-fujifilm-x-m5\/embed\/#?secret=kEJRJwKEFq#?secret=eKSwe9rsbZ\" data-secret=\"eKSwe9rsbZ\" width=\"600\" height=\"338\" frameborder=\"0\" marginwidth=\"0\" marginheight=\"0\" scrolling=\"no\"><\/iframe>\n<\/div><\/figure>\n\n\n\n<p>Tu zdanie Fujifilm jest w kontrze do tego, czego zdaj\u0105 si\u0119 oczekiwa\u0107 klienci. Przeczyta\u0142em dziesi\u0105tki komentarzy, opinii i artyku\u0142\u00f3w na prywatnych blogach. Okazuje si\u0119, \u017ce maj\u0105 one wsp\u00f3lny mianownik \u2014 fanom marki ca\u0142kowicie wystarczy\u0142aby nowa matryca 40 MP, stabilizacja obrazu i chcieliby \u201enormalnego\u201d wy\u015bwietlacza, czyli takiego jak w nawet najta\u0144szym <a href=\"https:\/\/dailyweb.pl\/stalka\/alez-on-uroczy-pierwsze-wrazenia-fujifilm-x-m5\/\">Fujifilm X-M5.<\/a> Tylko tyle. I a\u017c tyle!<\/p>\n\n\n\n<p><\/p>\n","protected":false},"excerpt":{"rendered":"<div class=\"nofuss_excerpt\"><p>Fuji X-Pro4 nie zosta\u0142 zapomniany. Firma pracuje nad nim powoli, bo nie chce pokaza\u0107 nudnego produktu. <\/p>\n<\/div>","protected":false},"author":3,"featured_media":8106,"comment_status":"open","ping_status":"open","sticky":false,"template":"","format":"standard","meta":{"_acf_changed":false,"footnotes":""},"categories":[1],"tags":[113],"class_list":["post-18404","post","type-post","status-publish","format-standard","has-post-thumbnail","hentry","category-aktualnosci","tag-fujifilm"],"acf":[],"_links":{"self":[{"href":"https:\/\/dailyweb.pl\/stalka\/wp-json\/wp\/v2\/posts\/18404","targetHints":{"allow":["GET"]}}],"collection":[{"href":"https:\/\/dailyweb.pl\/stalka\/wp-json\/wp\/v2\/posts"}],"about":[{"href":"https:\/\/dailyweb.pl\/stalka\/wp-json\/wp\/v2\/types\/post"}],"author":[{"embeddable":true,"href":"https:\/\/dailyweb.pl\/stalka\/wp-json\/wp\/v2\/users\/3"}],"replies":[{"embeddable":true,"href":"https:\/\/dailyweb.pl\/stalka\/wp-json\/wp\/v2\/comments?post=18404"}],"version-history":[{"count":5,"href":"https:\/\/dailyweb.pl\/stalka\/wp-json\/wp\/v2\/posts\/18404\/revisions"}],"predecessor-version":[{"id":18411,"href":"https:\/\/dailyweb.pl\/stalka\/wp-json\/wp\/v2\/posts\/18404\/revisions\/18411"}],"wp:featuredmedia":[{"embeddable":true,"href":"https:\/\/dailyweb.pl\/stalka\/wp-json\/wp\/v2\/media\/8106"}],"wp:attachment":[{"href":"https:\/\/dailyweb.pl\/stalka\/wp-json\/wp\/v2\/media?parent=18404"}],"wp:term":[{"taxonomy":"category","embeddable":true,"href":"https:\/\/dailyweb.pl\/stalka\/wp-json\/wp\/v2\/categories?post=18404"},{"taxonomy":"post_tag","embeddable":true,"href":"https:\/\/dailyweb.pl\/stalka\/wp-json\/wp\/v2\/tags?post=18404"}],"curies":[{"name":"wp","href":"https:\/\/api.w.org\/{rel}","templated":true}]}}