{"id":18379,"date":"2025-03-12T09:37:34","date_gmt":"2025-03-12T08:37:34","guid":{"rendered":"https:\/\/dailyweb.pl\/stalka\/?p=18379"},"modified":"2025-03-12T11:20:25","modified_gmt":"2025-03-12T10:20:25","slug":"fujifilm-zwieksza-produkcje-x100vi-apetyt-na-rynku-na-ten-model-dalej-jest-ogromny","status":"publish","type":"post","link":"https:\/\/dailyweb.pl\/stalka\/fujifilm-zwieksza-produkcje-x100vi-apetyt-na-rynku-na-ten-model-dalej-jest-ogromny\/","title":{"rendered":"Fujifilm zwi\u0119ksza produkcje X100VI. Apetyt na rynku na ten model dalej jest ogromny"},"content":{"rendered":"\n<p>Fujifilm X100VI to fenomen na rynku. Aby go kupi\u0107, cz\u0119sto trzeba zapisywa\u0107 si\u0119 w kolejce, wiele os\u00f3b w innych krajach nadal nie dosta\u0142y swojego egzemplarza zakupionego w przedsprzeda\u017cy. Fujifilm zdradza, jak dramatycznie zwi\u0119kszano produkcje i jak musia\u0142o si\u0119 zmierzy\u0107 z ogromnym sukcesem tego modelu.<\/p>\n\n\n\n<p>Nie wiem, czy jeszcze pami\u0119tacie, ale tu\u017c przed premier\u0105 Fujifilm X100VI w lutym 2024 roku dzia\u0142y si\u0119 na rynku naprawd\u0119 dziwne rzeczy. U\u017cywane (nawet bardzo) modele jego poprzednika &#8211; X100V &#8211; cz\u0119sto sprzedawane by\u0142y w kwocie zbli\u017caj\u0105cej si\u0119 do 9 000 z\u0142, a w kilku przypadkach nawet do 10 000 z\u0142, przy czym model ten debiutowa\u0142 w cenie 6 500 z\u0142. To prze\u0142o\u017cy\u0142o si\u0119 r\u00f3wnie\u017c na niesamowity hajp zwi\u0105zany z premier\u0105 Fujifilm X100VI i wi\u0105za\u0142o si\u0119 to z totalnym brakiem dost\u0119pno\u015bci.<\/p>\n\n\n\n<h2 class=\"wp-block-heading\">Fujifilm X100VI jest ju\u017c cz\u0119\u015bciowo dost\u0119pny w regularnej sprzeda\u017cy<\/h2>\n\n\n\n<figure class=\"wp-block-image size-large\"><img fetchpriority=\"high\" decoding=\"async\" width=\"1024\" height=\"609\" src=\"https:\/\/dailyweb.pl\/stalka\/wp-content\/uploads\/2024\/10\/fujifilm_x100VI_wyglad-1024x609.jpg\" alt=\"\" class=\"wp-image-12564\" title=\"\" srcset=\"https:\/\/dailyweb.pl\/stalka\/wp-content\/uploads\/2024\/10\/fujifilm_x100VI_wyglad-1024x609.jpg 1024w, https:\/\/dailyweb.pl\/stalka\/wp-content\/uploads\/2024\/10\/fujifilm_x100VI_wyglad-300x179.jpg 300w, https:\/\/dailyweb.pl\/stalka\/wp-content\/uploads\/2024\/10\/fujifilm_x100VI_wyglad-768x457.jpg 768w, https:\/\/dailyweb.pl\/stalka\/wp-content\/uploads\/2024\/10\/fujifilm_x100VI_wyglad-1536x914.jpg 1536w, https:\/\/dailyweb.pl\/stalka\/wp-content\/uploads\/2024\/10\/fujifilm_x100VI_wyglad-2048x1219.jpg 2048w\" sizes=\"(max-width: 1024px) 100vw, 1024px\" \/><\/figure>\n\n\n\n<p>Premierowe zainteresowanie\u00a0Fujifilm X100VI przerazi\u0142o chyba nawet sam\u0105 firm\u0119. Okaza\u0142o si\u0119, \u017ce pierwsze nak\u0142ady aparatu sprzeda\u0142y si\u0119 na pniu. W niekt\u00f3rych krajach zamawiaj\u0105cy musieli czeka\u0107 na sprz\u0119t nawet 10 miesi\u0119cy na jego dostarczenie. W Polsce nie by\u0142o wcale lepiej. Sprz\u0119t pojawia\u0142 si\u0119 ma\u0142ymi partiami w sklepach, ale b\u0142yskawicznie z nich znika\u0142. Sprzeda\u017c by\u0142a reglamentowana i by sta\u0107 si\u0119 w\u0142a\u015bcicielem aparatu, trzeba by\u0142o zapisywa\u0107 si\u0119 w kolejce. Nie dotyczy\u0142o to tylko malutkich sklep\u00f3w, tak\u0105 praktyk\u0119 wprowadzili nawet Ci najwi\u0119ksi. Do takiej kolejki zapisa\u0142 si\u0119 m\u00f3j kumpel Wojtek \u2014 zam\u00f3wienie sk\u0142ada\u0142 ko\u0144cem wrze\u015bnia, a aparat dosta\u0142 na koniec listopada. W sumie i tak nie\u017ale!<\/p>\n\n\n\n<p>Pami\u0119tam jak w zesz\u0142ym roku, jako\u015b zaraz po premierze Fujifilm przyzna\u0142o, \u017ce ilo\u015b\u0107 zam\u00f3wie\u0144 znacznie przekroczy\u0142a prognozy. Pami\u0119tam te\u017c, \u017ce wspominano, \u017ce firma woli produkowa\u0107 mniej, ni\u017c \u017ceby sprz\u0119t zalega\u0142 w magazynach. T\u0119 wiadomo\u015b\u0107 chyba wszyscy opacznie zrozumieli\u015bmy.\u00a0<\/p>\n\n\n\n<p><a href=\"https:\/\/petapixel.com\/2025\/03\/11\/fujifilm-increased-x100vi-production-is-closer-to-shipping-outstanding-orders\/\" target=\"_blank\" rel=\"noreferrer noopener nofollow\">PetaPixel<em>&nbsp;<\/em>podczas wywiadu&nbsp;na targach CP+<\/a>&nbsp;zapyta\u0142a&nbsp;dyrektora generalnego Fujifilm o sytuacj\u0119 modelu X100VI. Okazuje si\u0119, \u017ce firma podwoi\u0142a swoje moce produkcyjne w przypadku tego modelu. Zwi\u0119kszenie produkcji nie by\u0142o tu tak\u0105 sam\u0105 zwyk\u0142\u0105 decyzj\u0105 jak w przypadku innych modeli. Charakterystyczna konstrukcja z ostrymi kraw\u0119dziami z metalu sprawia producentowi wiele problem\u00f3w. Obudowa powstaje tu w wyniku kilku proces\u00f3w, kt\u00f3re wymagaj\u0105 wielokrotnego powtarzania pewnych czynno\u015bci. Nie da si\u0119 tu w \u0142atwy spos\u00f3b zwi\u0119kszy\u0107 produkcji. Mo\u017cna wi\u0119c powiedzie\u0107, \u017ce sam ten fakt jest du\u017cym sukcesem.<\/p>\n\n\n\n<figure class=\"wp-block-embed is-type-wp-embed is-provider-sta-ka-pl wp-block-embed-sta-ka-pl\"><div class=\"wp-block-embed__wrapper\">\n<blockquote class=\"wp-embedded-content\" data-secret=\"S0XsAVYiai\"><a href=\"https:\/\/dailyweb.pl\/stalka\/testuje-najgoretszy-aparat-roku-fujifilm-x100vi-pierwsze-wrazenia\/\">Testuj\u0119 najgor\u0119tszy aparat roku \u2013 Fujifilm X100VI \u2013 pierwsze wra\u017cenia<\/a><\/blockquote><iframe class=\"wp-embedded-content\" sandbox=\"allow-scripts\" security=\"restricted\" style=\"position: absolute; visibility: hidden;\" title=\"&#8222;Testuj\u0119 najgor\u0119tszy aparat roku \u2013 Fujifilm X100VI \u2013 pierwsze wra\u017cenia&#8221; &#8212; sta\u0142ka.pl\" src=\"https:\/\/dailyweb.pl\/stalka\/testuje-najgoretszy-aparat-roku-fujifilm-x100vi-pierwsze-wrazenia\/embed\/#?secret=zEgu5jQrov#?secret=S0XsAVYiai\" data-secret=\"S0XsAVYiai\" width=\"600\" height=\"338\" frameborder=\"0\" marginwidth=\"0\" marginheight=\"0\" scrolling=\"no\"><\/iframe>\n<\/div><\/figure>\n\n\n\n<p>Fujifilm wie, \u017ce klienci narzekali na wyd\u0142u\u017cony czas realizacji zam\u00f3wie\u0144 i kupna, kt\u00f3ry by\u0142 dla nich frustruj\u0105cy. Wie te\u017c, \u017ce musieli okaza\u0107 wiele cierpliwo\u015bci. Firma wskazuje tu jednak na skal\u0119 zainteresowania \u2014 w ci\u0105gu jednego roku od debiutu na rynku, wyprodukowano i sprzedano tyle X100VI, co normalnie przez 3 lub 4 lata w przypadku poprzednik\u00f3w!<\/p>\n\n\n\n<p>Fujifilm musia\u0142 si\u0119 tu r\u00f3wnie\u017c zmierzy\u0107 ze skalperami. Wiele os\u00f3b, a nawet firm polowa\u0142o na X100VI, aby sprzeda\u0107 go prywatnym osobom z mar\u017c\u0105. Takie zjawisko widzieli\u015bmy nie raz w przypadku sprz\u0119tu komputerowego i konsol do gry. Teraz dotkn\u0119\u0142o ono r\u00f3wnie\u017c fotografii. Mia\u0142o ono r\u00f3wnie\u017c wp\u0142yw na realizacje zam\u00f3wie\u0144 i wzrost ceny aparatu na wolnym rynku.<\/p>\n\n\n\n<p>Teraz, po roku szefostwo Fujifilm wreszcie mo\u017ce z\u0142apa\u0107 oddech. Rynek wreszcie zaczyna si\u0119 nasyca\u0107, a produkcja nad\u0105\u017ca za nowymi zam\u00f3wieniami. Nawet dzisiaj w naszym kraju aparat wydaje si\u0119 by\u0107 dost\u0119pny, co prawda wida\u0107 tu informacje o ostatnich sztukach, ale aparat mo\u017ce do Was trafi\u0107 w 24 godziny i to w obu wersjach kolorystycznych!<\/p>\n","protected":false},"excerpt":{"rendered":"<div class=\"nofuss_excerpt\"><p>Apetyt na Fujifilm X100VI jest ogromny. Firma zwi\u0119kszy\u0142a jednak moce produkcyjne, co stanowczo poprawi\u0142o dost\u0119pno\u015b\u0107 tego modelu<\/p>\n<\/div>","protected":false},"author":3,"featured_media":12543,"comment_status":"open","ping_status":"open","sticky":false,"template":"","format":"standard","meta":{"_acf_changed":false,"footnotes":""},"categories":[1],"tags":[113],"class_list":["post-18379","post","type-post","status-publish","format-standard","has-post-thumbnail","hentry","category-aktualnosci","tag-fujifilm"],"acf":[],"_links":{"self":[{"href":"https:\/\/dailyweb.pl\/stalka\/wp-json\/wp\/v2\/posts\/18379","targetHints":{"allow":["GET"]}}],"collection":[{"href":"https:\/\/dailyweb.pl\/stalka\/wp-json\/wp\/v2\/posts"}],"about":[{"href":"https:\/\/dailyweb.pl\/stalka\/wp-json\/wp\/v2\/types\/post"}],"author":[{"embeddable":true,"href":"https:\/\/dailyweb.pl\/stalka\/wp-json\/wp\/v2\/users\/3"}],"replies":[{"embeddable":true,"href":"https:\/\/dailyweb.pl\/stalka\/wp-json\/wp\/v2\/comments?post=18379"}],"version-history":[{"count":5,"href":"https:\/\/dailyweb.pl\/stalka\/wp-json\/wp\/v2\/posts\/18379\/revisions"}],"predecessor-version":[{"id":18387,"href":"https:\/\/dailyweb.pl\/stalka\/wp-json\/wp\/v2\/posts\/18379\/revisions\/18387"}],"wp:featuredmedia":[{"embeddable":true,"href":"https:\/\/dailyweb.pl\/stalka\/wp-json\/wp\/v2\/media\/12543"}],"wp:attachment":[{"href":"https:\/\/dailyweb.pl\/stalka\/wp-json\/wp\/v2\/media?parent=18379"}],"wp:term":[{"taxonomy":"category","embeddable":true,"href":"https:\/\/dailyweb.pl\/stalka\/wp-json\/wp\/v2\/categories?post=18379"},{"taxonomy":"post_tag","embeddable":true,"href":"https:\/\/dailyweb.pl\/stalka\/wp-json\/wp\/v2\/tags?post=18379"}],"curies":[{"name":"wp","href":"https:\/\/api.w.org\/{rel}","templated":true}]}}