{"id":17398,"date":"2025-02-13T15:13:19","date_gmt":"2025-02-13T14:13:19","guid":{"rendered":"https:\/\/dailyweb.pl\/stalka\/?p=17398"},"modified":"2025-02-13T15:13:21","modified_gmt":"2025-02-13T14:13:21","slug":"aparat-na-snowboard-ktory-bedzie-pasowac-do-kurtki-poznajcie-leica-sofort-2-burton-edition","status":"publish","type":"post","link":"https:\/\/dailyweb.pl\/stalka\/aparat-na-snowboard-ktory-bedzie-pasowac-do-kurtki-poznajcie-leica-sofort-2-burton-edition\/","title":{"rendered":"Aparat na snowboard, kt\u00f3ry b\u0119dzie pasowa\u0107 do kurtki? Poznajcie Leica Sofort 2 Burton Edition"},"content":{"rendered":"\n<p>Cho\u0107 w tr\u00f3jmie\u015bcie \u015bnieg by\u0142, kiedy\u015b, przez jeden dzie\u0144, zima trwa w najlepsze. A jak zima, to snowboard albo narty. A czym rejestrowa\u0107 wspomnienia z szusowania po \u015bniegu? Nie ma nic lepszego ni\u017c aparat natychmiastowy. Trafi\u0142 na rynek w\u0142a\u015bnie taki aparat, \u0142\u0105cz\u0105cy dwie zajawki \u2013\u00a0snowboard i fotografi\u0119.<\/p>\n\n\n\n<h2 class=\"wp-block-heading\">Leica Sofort 2 Burton Edition<\/h2>\n\n\n\n<figure class=\"wp-block-image size-large\"><img fetchpriority=\"high\" decoding=\"async\" width=\"1024\" height=\"576\" src=\"https:\/\/dailyweb.pl\/stalka\/wp-content\/uploads\/2025\/02\/Leica_SOFORT2_Burton_Media_Cam_3840x2160.jpg-1024x576.webp\" alt=\"\" class=\"wp-image-17400\" title=\"\" srcset=\"https:\/\/dailyweb.pl\/stalka\/wp-content\/uploads\/2025\/02\/Leica_SOFORT2_Burton_Media_Cam_3840x2160.jpg-1024x576.webp 1024w, https:\/\/dailyweb.pl\/stalka\/wp-content\/uploads\/2025\/02\/Leica_SOFORT2_Burton_Media_Cam_3840x2160.jpg-300x169.webp 300w, https:\/\/dailyweb.pl\/stalka\/wp-content\/uploads\/2025\/02\/Leica_SOFORT2_Burton_Media_Cam_3840x2160.jpg-768x432.webp 768w, https:\/\/dailyweb.pl\/stalka\/wp-content\/uploads\/2025\/02\/Leica_SOFORT2_Burton_Media_Cam_3840x2160.jpg-1536x864.webp 1536w, https:\/\/dailyweb.pl\/stalka\/wp-content\/uploads\/2025\/02\/Leica_SOFORT2_Burton_Media_Cam_3840x2160.jpg-2048x1152.webp 2048w\" sizes=\"(max-width: 1024px) 100vw, 1024px\" \/><\/figure>\n\n\n\n<p>Leica Sofort 2 Burton Edition to specjalna edycja aparatu stworzona we wsp\u00f3\u0142pracy z firm\u0105 Burton Snowboards. Honoruje ona Jake&#8217;a Burtona Carpentera, pioniera snowboardingu i za\u0142o\u017cyciela firmy, kt\u00f3ry u\u017cywa\u0142 aparat\u00f3w Leica przez lata, do rejestrowania swoich wspomnie\u0144. Specjalna Leica Sofort 2 ma charakterystyczny <em>burtonowski<\/em> pattern, \u0142\u0105cz\u0105cy czer\u0144 z kolorem &#8220;Jake Blue&#8221;, a tak\u017ce logo Burton na g\u00f3rze, po\u0142\u0105czone z b\u0142yszcz\u0105cymi czarnymi detalami. SOFORT 2 Burton Edition jest dostarczany z por\u0119czn\u0105 i wytrzyma\u0142\u0105 torb\u0105 na rami\u0119.<\/p>\n\n\n\n<p>W \u015brodku to zwyk\u0142a Leica Sofort 2, czyli hybrydowy aparat natychmiastowy, z matryc\u0105 CMOS typu 1\/5 (2,9\u00d72,2 mm) o rozdzielczo\u015bci 4,9 MP. Aparat wyposa\u017cono w obiektyw 2,4 mm F2, kt\u00f3ry zapewnia k\u0105t widzenia taki, jak pe\u0142noklatkowy obiektyw 28 mm. Aparat jest kompatybilny z filmem Fujifilm Instax Mini.<\/p>\n\n\n\n<figure class=\"wp-block-embed is-type-video is-provider-vimeo wp-block-embed-vimeo wp-embed-aspect-16-9 wp-has-aspect-ratio\"><div class=\"wp-block-embed__wrapper\">\n<iframe title=\"Leica SOFORT 2 - Burton Edition\" src=\"https:\/\/player.vimeo.com\/video\/1049289064?dnt=1&amp;app_id=122963\" width=\"1778\" height=\"1000\" frameborder=\"0\" allow=\"autoplay; fullscreen; picture-in-picture; clipboard-write; encrypted-media\"><\/iframe>\n<\/div><\/figure>\n\n\n\n<p>Gdybym by\u0142 fanem je\u017cd\u017cenia na snowboardzie i osoby Jake&#8217;a Burtona to musia\u0142bym mie\u0107 ten aparat. Zw\u0142aszcza \u017ce mo\u017cna do niego dokupi\u0107 tak\u0105, <a href=\"https:\/\/www.boardertown.co.nz\/burton-ak-tuvak-gore-tex-3l-c-knit-jacket-bu-242531-oversized-zebra-jake-blue\" target=\"_blank\" rel=\"noreferrer noopener nofollow\">idealnie fituj\u0105c\u0105 kurtk\u0119<\/a>. Cena? Jak sta\u0107 Was na Leik\u0119, to na kurtk\u0119 te\u017c b\u0119dzie. <\/p>\n\n\n\n<figure class=\"wp-block-embed is-type-wp-embed is-provider-sta-ka-pl wp-block-embed-sta-ka-pl\"><div class=\"wp-block-embed__wrapper\">\n<blockquote class=\"wp-embedded-content\" data-secret=\"HU3NZo3Z7e\"><a href=\"https:\/\/dailyweb.pl\/stalka\/moj-pierwszy-red-dot-garsc-wrazen-z-testowania-leica-sl3-s\/\">M\u00f3j pierwszy red dot \u2013 gar\u015b\u0107 wra\u017ce\u0144 z testowania Leica SL3-S<\/a><\/blockquote><iframe class=\"wp-embedded-content\" sandbox=\"allow-scripts\" security=\"restricted\" style=\"position: absolute; visibility: hidden;\" title=\"&#8222;M\u00f3j pierwszy red dot \u2013 gar\u015b\u0107 wra\u017ce\u0144 z testowania Leica SL3-S&#8221; &#8212; sta\u0142ka.pl\" src=\"https:\/\/dailyweb.pl\/stalka\/moj-pierwszy-red-dot-garsc-wrazen-z-testowania-leica-sl3-s\/embed\/#?secret=gTkkg9frwG#?secret=HU3NZo3Z7e\" data-secret=\"HU3NZo3Z7e\" width=\"600\" height=\"338\" frameborder=\"0\" marginwidth=\"0\" marginheight=\"0\" scrolling=\"no\"><\/iframe>\n<\/div><\/figure>\n\n\n\n<p>Leica Sofort 2 Burton Edition jest ju\u017c <a href=\"https:\/\/leicacamerausa.com\/sofort-2-burton-edition.html\" target=\"_blank\" rel=\"noreferrer noopener nofollow\">dost\u0119pna w sprzeda\u017cy<\/a> i wyceniono j\u0105 na 599 dolar\u00f3w, czyli 200 dolar\u00f3w dro\u017cej od wersji podstawowej. No c\u00f3\u017c, za limitowane edycje si\u0119 p\u0142aci. <\/p>\n","protected":false},"excerpt":{"rendered":"<div class=\"nofuss_excerpt\"><p>Leica pokaza\u0142a efekt wsp\u00f3\u0142pracy z mark\u0105 Burton.<\/p>\n<\/div>","protected":false},"author":2,"featured_media":17399,"comment_status":"open","ping_status":"open","sticky":false,"template":"","format":"standard","meta":{"_acf_changed":false,"footnotes":""},"categories":[1],"tags":[136,617,618],"class_list":["post-17398","post","type-post","status-publish","format-standard","has-post-thumbnail","hentry","category-aktualnosci","tag-leica","tag-leica-sofort-2","tag-sofort-2-burton-edition"],"acf":[],"_links":{"self":[{"href":"https:\/\/dailyweb.pl\/stalka\/wp-json\/wp\/v2\/posts\/17398","targetHints":{"allow":["GET"]}}],"collection":[{"href":"https:\/\/dailyweb.pl\/stalka\/wp-json\/wp\/v2\/posts"}],"about":[{"href":"https:\/\/dailyweb.pl\/stalka\/wp-json\/wp\/v2\/types\/post"}],"author":[{"embeddable":true,"href":"https:\/\/dailyweb.pl\/stalka\/wp-json\/wp\/v2\/users\/2"}],"replies":[{"embeddable":true,"href":"https:\/\/dailyweb.pl\/stalka\/wp-json\/wp\/v2\/comments?post=17398"}],"version-history":[{"count":2,"href":"https:\/\/dailyweb.pl\/stalka\/wp-json\/wp\/v2\/posts\/17398\/revisions"}],"predecessor-version":[{"id":17403,"href":"https:\/\/dailyweb.pl\/stalka\/wp-json\/wp\/v2\/posts\/17398\/revisions\/17403"}],"wp:featuredmedia":[{"embeddable":true,"href":"https:\/\/dailyweb.pl\/stalka\/wp-json\/wp\/v2\/media\/17399"}],"wp:attachment":[{"href":"https:\/\/dailyweb.pl\/stalka\/wp-json\/wp\/v2\/media?parent=17398"}],"wp:term":[{"taxonomy":"category","embeddable":true,"href":"https:\/\/dailyweb.pl\/stalka\/wp-json\/wp\/v2\/categories?post=17398"},{"taxonomy":"post_tag","embeddable":true,"href":"https:\/\/dailyweb.pl\/stalka\/wp-json\/wp\/v2\/tags?post=17398"}],"curies":[{"name":"wp","href":"https:\/\/api.w.org\/{rel}","templated":true}]}}