{"id":15721,"date":"2025-01-21T11:02:56","date_gmt":"2025-01-21T10:02:56","guid":{"rendered":"https:\/\/dailyweb.pl\/stalka\/?p=15721"},"modified":"2025-01-21T11:02:57","modified_gmt":"2025-01-21T10:02:57","slug":"voigtlander-vitolux-28-110-analogowy-aparat-ktory-nie-istnieje-pierwsze-wrazenia-analoglife","status":"publish","type":"post","link":"https:\/\/dailyweb.pl\/stalka\/voigtlander-vitolux-28-110-analogowy-aparat-ktory-nie-istnieje-pierwsze-wrazenia-analoglife\/","title":{"rendered":"Voigtlander Vitolux 28-110 &#8211; analogowy aparat, kt\u00f3ry nie istnieje? Pierwsze wra\u017cenia #analoglife"},"content":{"rendered":"\n<p>Dla odmiany ostatnich prezentacji na sta\u0142ce, czas na sprz\u0119t, kt\u00f3ry nale\u017cy raczej do tych prostszych konstrukcji, a ja zosta\u0142em zwabiony to jego zakupu nazw\u0105 marki Voigtlander jak i jego bardzo rozs\u0105dn\u0105 cen\u0105. Dzisiaj kilka pierwszych wra\u017ce\u0144 o aparacie, kt\u00f3ry wygl\u0105da na to, \u017ce nie istnieje. Poznajcie <strong>Voigtlander Vitolux 28-110<\/strong>.<\/p>\n\n\n\n<p>Dotychczas pokazali\u015bmy Wam efekt naszych ostatnich zakup\u00f3w w postaci pi\u0119knego i bardzo zgrabnego <a href=\"https:\/\/dailyweb.pl\/stalka\/analogowy-rolleiflex-sl35-e-juz-w-moich-rekach-jest-piekny-i-nie-do-konca-sprawny-analoglife\/\">Rolleiflexa SL35 E<\/a>, legendarnego <a href=\"https:\/\/dailyweb.pl\/stalka\/legendarny-canon-ae-1-wreszcie-do-mnie-trafil-kilka-pierwszych-wrazen-analoglife\/\">Canona AE-1<\/a> w cenie obiektywu, kt\u00f3ry by\u0142 do niego do\u0142\u0105czony, a tak\u017ce <a href=\"https:\/\/dailyweb.pl\/stalka\/poznajcie-canon-t70-analogowy-i-kompletnie-niefotogeniczny-aparat-ktory-zyskuje-przy-blizszym-poznaniu-pierwsze-wrazenia\/\">Canona T70<\/a>, paskud\u0119, kt\u00f3ra rozkocha\u0142a mnie w sobie, tu\u017c po tym, gdy wzi\u0105\u0142em go w swoje r\u0119ce. To wszystko jednak pocz\u0105tek, bo kolejka aparat\u00f3w ju\u017c czeka na to, \u017ceby pokaza\u0107 si\u0119 na sta\u0142ce, ale o tym wkr\u00f3tce. Dzisiaj o sprz\u0119cie, kt\u00f3ry nieco od tej majestatycznej stawki odstaje, bo jest prosta, tania i ma zooma. Voigtlander Vitolux 28-110.<\/p>\n\n\n\n<figure class=\"wp-block-image alignfull size-full\"><a href=\"https:\/\/dailyweb.pl\/stalka\/wp-content\/uploads\/2025\/01\/SDIM0068-scaled.jpg\"><img fetchpriority=\"high\" decoding=\"async\" width=\"2560\" height=\"1702\" src=\"https:\/\/dailyweb.pl\/stalka\/wp-content\/uploads\/2025\/01\/SDIM0068-scaled.jpg\" alt=\"\" class=\"wp-image-15723\" title=\"\" srcset=\"https:\/\/dailyweb.pl\/stalka\/wp-content\/uploads\/2025\/01\/SDIM0068-scaled.jpg 2560w, https:\/\/dailyweb.pl\/stalka\/wp-content\/uploads\/2025\/01\/SDIM0068-300x199.jpg 300w, https:\/\/dailyweb.pl\/stalka\/wp-content\/uploads\/2025\/01\/SDIM0068-1024x681.jpg 1024w, https:\/\/dailyweb.pl\/stalka\/wp-content\/uploads\/2025\/01\/SDIM0068-768x510.jpg 768w, https:\/\/dailyweb.pl\/stalka\/wp-content\/uploads\/2025\/01\/SDIM0068-1536x1021.jpg 1536w, https:\/\/dailyweb.pl\/stalka\/wp-content\/uploads\/2025\/01\/SDIM0068-2048x1361.jpg 2048w\" sizes=\"(max-width: 2560px) 100vw, 2560px\" \/><\/a><\/figure>\n\n\n\n<p>Zabawne, bo poszukuj\u0105c informacji o tym aparacie w sieci, nie znalaz\u0142em kompletnie nic. Nie wiem, czy to kwestia jego niepopularnej nazwy lub faktu, \u017ce funkcjonowa\u0142 np. w Europie pod innym okre\u015bleniem, fakt jest taki, \u017ce w sieci nie pisa\u0142 o nim nikt. Tym bardziej by\u0142em zainteresowany, \u017ceby go kupi\u0107, chocia\u017c nie sk\u0142ada\u0142 \u017cadnej obietnicy dobrej jako\u015bci, zar\u00f3wno w postaci wizualnej jak i technicznej.<\/p>\n\n\n\n<figure class=\"wp-block-image alignwide size-full\"><a href=\"https:\/\/dailyweb.pl\/stalka\/wp-content\/uploads\/2025\/01\/SDIM0072-scaled.jpg\"><img decoding=\"async\" width=\"2560\" height=\"1702\" src=\"https:\/\/dailyweb.pl\/stalka\/wp-content\/uploads\/2025\/01\/SDIM0072-scaled.jpg\" alt=\"\" class=\"wp-image-15725\" title=\"\" srcset=\"https:\/\/dailyweb.pl\/stalka\/wp-content\/uploads\/2025\/01\/SDIM0072-scaled.jpg 2560w, https:\/\/dailyweb.pl\/stalka\/wp-content\/uploads\/2025\/01\/SDIM0072-300x199.jpg 300w, https:\/\/dailyweb.pl\/stalka\/wp-content\/uploads\/2025\/01\/SDIM0072-1024x681.jpg 1024w, https:\/\/dailyweb.pl\/stalka\/wp-content\/uploads\/2025\/01\/SDIM0072-768x510.jpg 768w, https:\/\/dailyweb.pl\/stalka\/wp-content\/uploads\/2025\/01\/SDIM0072-1536x1021.jpg 1536w, https:\/\/dailyweb.pl\/stalka\/wp-content\/uploads\/2025\/01\/SDIM0072-2048x1361.jpg 2048w\" sizes=\"(max-width: 2560px) 100vw, 2560px\" \/><\/a><\/figure>\n\n\n\n<p>Voigtlandera kupi\u0142em z pi\u0119knym sk\u00f3rzanym etui, kt\u00f3re pasuje jak ula\u0142 do aparatu, ale nie ma \u017cadnego sygnowania marki. Vitolux to klasyczny point&#8217;n&#8217;shoot, ale w dodatku z zoomem od ogniskowej 28 mm do 110 mm. Nie wiemy nawet, jak wygl\u0105da kwestia przys\u0142ony, ale skoro si\u0119 ni\u0105 nie chwal\u0105, to znaczny najpewniej, \u017ce nie ma czym. Testy takich aparat\u00f3w s\u0105 najciekawsze, bo nie stawiaj\u0105 one w g\u0142owie kompletnie \u017cadnych oczekiwa\u0144. Podchodzi si\u0119 do takich aparat\u00f3w z kompletnie ch\u0142odn\u0105 g\u0142ow\u0105, co w efekcie cz\u0119sto daje ogromn\u0105 satysfakcje z robienia zdj\u0119\u0107, jak i ca\u0142kiem zaskakuj\u0105cy efekt ko\u0144cowy.<\/p>\n\n\n\n<figure class=\"wp-block-image alignwide size-full\"><a href=\"https:\/\/dailyweb.pl\/stalka\/wp-content\/uploads\/2025\/01\/SDIM0070-scaled.jpg\"><img decoding=\"async\" width=\"2560\" height=\"1702\" src=\"https:\/\/dailyweb.pl\/stalka\/wp-content\/uploads\/2025\/01\/SDIM0070-scaled.jpg\" alt=\"\" class=\"wp-image-15724\" title=\"\" srcset=\"https:\/\/dailyweb.pl\/stalka\/wp-content\/uploads\/2025\/01\/SDIM0070-scaled.jpg 2560w, https:\/\/dailyweb.pl\/stalka\/wp-content\/uploads\/2025\/01\/SDIM0070-300x199.jpg 300w, https:\/\/dailyweb.pl\/stalka\/wp-content\/uploads\/2025\/01\/SDIM0070-1024x681.jpg 1024w, https:\/\/dailyweb.pl\/stalka\/wp-content\/uploads\/2025\/01\/SDIM0070-768x510.jpg 768w, https:\/\/dailyweb.pl\/stalka\/wp-content\/uploads\/2025\/01\/SDIM0070-1536x1021.jpg 1536w, https:\/\/dailyweb.pl\/stalka\/wp-content\/uploads\/2025\/01\/SDIM0070-2048x1361.jpg 2048w\" sizes=\"(max-width: 2560px) 100vw, 2560px\" \/><\/a><\/figure>\n\n\n\n<p>Konstrukcja tego malucha w zasadzie nie odbiega od klasycznego rozumienia prostych aparat\u00f3w analogowych. Mamy w\u0142\u0105cznik ko\u0142o spustu migawki, niewielki ekran obok z licznikiem wykonanych zdj\u0119\u0107, oczywi\u015bcie nie zabrak\u0142o lampy, sterowania zoomem dwoma przyciskami, czy ustawienia lampy albo samowyzwalacza. Kompletna klasyka. Ciekawostk\u0105 jest ustawienie wizjera, kt\u00f3ry jest mniejszy ni\u017c paznokie\u0107 ma\u0142ego palca u r\u0119ki. Jest tak ma\u0142y i niepraktyczny, \u017ce ju\u017c rozumiem co prze\u017cywaj\u0105 niekt\u00f3rzy u\u017cytkownicy popularnych Contax\u00f3w z serii G.<\/p>\n\n\n\n<figure class=\"wp-block-image alignwide size-full\"><a href=\"https:\/\/dailyweb.pl\/stalka\/wp-content\/uploads\/2025\/01\/SDIM0073-scaled.jpg\"><img loading=\"lazy\" decoding=\"async\" width=\"2560\" height=\"1702\" src=\"https:\/\/dailyweb.pl\/stalka\/wp-content\/uploads\/2025\/01\/SDIM0073-scaled.jpg\" alt=\"\" class=\"wp-image-15726\" title=\"\" srcset=\"https:\/\/dailyweb.pl\/stalka\/wp-content\/uploads\/2025\/01\/SDIM0073-scaled.jpg 2560w, https:\/\/dailyweb.pl\/stalka\/wp-content\/uploads\/2025\/01\/SDIM0073-300x199.jpg 300w, https:\/\/dailyweb.pl\/stalka\/wp-content\/uploads\/2025\/01\/SDIM0073-1024x681.jpg 1024w, https:\/\/dailyweb.pl\/stalka\/wp-content\/uploads\/2025\/01\/SDIM0073-768x510.jpg 768w, https:\/\/dailyweb.pl\/stalka\/wp-content\/uploads\/2025\/01\/SDIM0073-1536x1021.jpg 1536w, https:\/\/dailyweb.pl\/stalka\/wp-content\/uploads\/2025\/01\/SDIM0073-2048x1361.jpg 2048w\" sizes=\"(max-width: 2560px) 100vw, 2560px\" \/><\/a><\/figure>\n\n\n\n<p>I w zasadzie to koniec rewelacji zwi\u0105zanych z tym aparatem, pr\u00f3cz tego, \u017ce to moim zdaniem bardzo zgrabna i mog\u0105ca si\u0119 podoba\u0107 konstrukcja. Nie jest on wi\u0119kszy ni\u017c\u00a0popularny mju I od Olympusa, wi\u0119c z \u0142atwo\u015bci\u0105 mo\u017cna go zabra\u0107 ze sob\u0105 wsz\u0119dzie. Jak sprawdzi si\u0119 jednak w boju? Jestem ciekawy, bo mam wra\u017cenie, \u017ce mo\u017ce zaskoczy\u0107, chocia\u017c takie my\u015blenie zaczyna budowa\u0107 wspomniane oczekiwania. Wkr\u00f3tce gdy w ko\u0144cu trafi si\u0119 nieco lepsza pogoda, b\u0119dziemy go testowa\u0107, a efekty poka\u017cemy Wam jak zwykle na sta\u0142ce.<\/p>\n","protected":false},"excerpt":{"rendered":"<div class=\"nofuss_excerpt\"><p>Nie ma o nim grama informacji w sieci.<\/p>\n<\/div>","protected":false},"author":1,"featured_media":15722,"comment_status":"open","ping_status":"open","sticky":false,"template":"","format":"standard","meta":{"_acf_changed":false,"footnotes":""},"categories":[80,1,81],"tags":[88,566,116],"class_list":["post-15721","post","type-post","status-publish","format-standard","has-post-thumbnail","hentry","category-testy","category-aktualnosci","category-top","tag-analoglife","tag-vitolux-28-110","tag-voigtlander"],"acf":[],"_links":{"self":[{"href":"https:\/\/dailyweb.pl\/stalka\/wp-json\/wp\/v2\/posts\/15721","targetHints":{"allow":["GET"]}}],"collection":[{"href":"https:\/\/dailyweb.pl\/stalka\/wp-json\/wp\/v2\/posts"}],"about":[{"href":"https:\/\/dailyweb.pl\/stalka\/wp-json\/wp\/v2\/types\/post"}],"author":[{"embeddable":true,"href":"https:\/\/dailyweb.pl\/stalka\/wp-json\/wp\/v2\/users\/1"}],"replies":[{"embeddable":true,"href":"https:\/\/dailyweb.pl\/stalka\/wp-json\/wp\/v2\/comments?post=15721"}],"version-history":[{"count":3,"href":"https:\/\/dailyweb.pl\/stalka\/wp-json\/wp\/v2\/posts\/15721\/revisions"}],"predecessor-version":[{"id":15738,"href":"https:\/\/dailyweb.pl\/stalka\/wp-json\/wp\/v2\/posts\/15721\/revisions\/15738"}],"wp:featuredmedia":[{"embeddable":true,"href":"https:\/\/dailyweb.pl\/stalka\/wp-json\/wp\/v2\/media\/15722"}],"wp:attachment":[{"href":"https:\/\/dailyweb.pl\/stalka\/wp-json\/wp\/v2\/media?parent=15721"}],"wp:term":[{"taxonomy":"category","embeddable":true,"href":"https:\/\/dailyweb.pl\/stalka\/wp-json\/wp\/v2\/categories?post=15721"},{"taxonomy":"post_tag","embeddable":true,"href":"https:\/\/dailyweb.pl\/stalka\/wp-json\/wp\/v2\/tags?post=15721"}],"curies":[{"name":"wp","href":"https:\/\/api.w.org\/{rel}","templated":true}]}}