{"id":14596,"date":"2024-11-27T12:24:59","date_gmt":"2024-11-27T11:24:59","guid":{"rendered":"https:\/\/dailyweb.pl\/stalka\/?p=14596"},"modified":"2024-11-27T12:25:01","modified_gmt":"2024-11-27T11:25:01","slug":"tamron-11-20mm-f-2-8-do-aparatow-canon-rf-juz-w-grudniu","status":"publish","type":"post","link":"https:\/\/dailyweb.pl\/stalka\/tamron-11-20mm-f-2-8-do-aparatow-canon-rf-juz-w-grudniu\/","title":{"rendered":"Tamron 11-20mm f\/2.8 do aparat\u00f3w Canon RF ju\u017c w grudniu"},"content":{"rendered":"\n<p>Pod koniec kwietnia Sigma i Tamron og\u0142osi\u0142y wej\u015bcie na rynek obiektyw\u00f3w na bagnet RF. O ile ta pierwsza zd\u0105\u017cy\u0142a wypu\u015bci\u0107 ju\u017c <a href=\"https:\/\/dailyweb.pl\/stalka\/pieklo-zamarza-pierwsza-sigma-na-bagnet-rf-juz-w-lipcu-a-wiecej-w-q4\/\" target=\"_blank\" rel=\"noreferrer noopener\">dwa obiektywy zmiennoogniskowe<\/a>, kt\u00f3re nawet <a href=\"https:\/\/dailyweb.pl\/stalka\/testuje-dwa-pierwsze-obiektywy-od-sigmy-dla-bagnetu-rf-pierwsze-wrazenia\/\" data-type=\"post\" data-id=\"14154\" target=\"_blank\" rel=\"noreferrer noopener\">testowali\u015bmy<\/a> i zapowiedzia\u0142a cztery sta\u0142ki, to <a href=\"https:\/\/dailyweb.pl\/stalka\/tamron-canon-rf\/\" target=\"_blank\" rel=\"noreferrer noopener\">Tamron<\/a> do\u015b\u0107 oci\u0105ga\u0142 si\u0119 z produkcj\u0105. <a href=\"https:\/\/dailyweb.pl\/stalka\/samyang-pogodzony-z-canonem-rf-s-af-12mm-f-2-0-tuz-za-rogiem\/\" target=\"_blank\" rel=\"noreferrer noopener\">Ostatnio pisa\u0142em<\/a> nawet, \u017ce mo\u017ce wyprzedzi\u0107 go Samyang, kt\u00f3ry wed\u0142ug plotek wyda\u0107 ma lada chwila RF-S AF 12mm f\/2.0. Teraz wreszcie mamy nowe informacje od Tamrona.<\/p>\n\n\n\n<h2 class=\"wp-block-heading\">Tamron 11-20mm f\/2.8 z bagnetem RF<\/h2>\n\n\n\n<figure class=\"wp-block-image size-large\"><img fetchpriority=\"high\" decoding=\"async\" width=\"1024\" height=\"723\" src=\"https:\/\/dailyweb.pl\/stalka\/wp-content\/uploads\/2024\/11\/Tamron-11-20mm-RF-1024x723.webp\" alt=\"\" class=\"wp-image-14603\" title=\"\" srcset=\"https:\/\/dailyweb.pl\/stalka\/wp-content\/uploads\/2024\/11\/Tamron-11-20mm-RF-1024x723.webp 1024w, https:\/\/dailyweb.pl\/stalka\/wp-content\/uploads\/2024\/11\/Tamron-11-20mm-RF-300x212.webp 300w, https:\/\/dailyweb.pl\/stalka\/wp-content\/uploads\/2024\/11\/Tamron-11-20mm-RF-768x542.webp 768w, https:\/\/dailyweb.pl\/stalka\/wp-content\/uploads\/2024\/11\/Tamron-11-20mm-RF-1536x1084.webp 1536w, https:\/\/dailyweb.pl\/stalka\/wp-content\/uploads\/2024\/11\/Tamron-11-20mm-RF.webp 1600w\" sizes=\"(max-width: 1024px) 100vw, 1024px\" \/><\/figure>\n\n\n\n<p>Tamron og\u0142osi\u0142, \u017ce jego obiektyw 11-20 mm f\/2.8 Di III-A RXD b\u0119dzie dost\u0119pny z mocowaniem Canon RF w grudniu. Obiektyw wyposa\u017cony w automatyczne ustawianie ostro\u015bci by\u0142 wcze\u015bniej dost\u0119pny z mocowaniem Sony E i Fujifilm X, jednak to pierwsze szk\u0142o Tamrona na bagnet RF. Podobnie jak w przypadku Sigmy, Canon wyda\u0142 Tamronowi oficjaln\u0105 licencj\u0119 tylko na wprowadzanie obiektyw\u00f3w APS-C do swojej platformy bezlusterkowc\u00f3w. Tamron 11-20mm F2.8 Di III-A RXD jest lekki i kompaktowy &#8211; gotowy na ka\u017cd\u0105 fotograficzn\u0105 przygod\u0119, od fotografii przyrodniczej i astrofotografii po fotografi\u0119 uliczn\u0105.<\/p>\n\n\n\n<figure class=\"wp-block-gallery has-nested-images columns-default is-cropped wp-block-gallery-1 is-layout-flex wp-block-gallery-is-layout-flex\">\n<figure class=\"wp-block-image size-large\"><img decoding=\"async\" width=\"1024\" height=\"622\" data-id=\"14605\" src=\"https:\/\/dailyweb.pl\/stalka\/wp-content\/uploads\/2024\/11\/20230411160907_b060_mtf_11mm_en_20210216-1024x622.jpg\" alt=\"\" class=\"wp-image-14605\" title=\"\" srcset=\"https:\/\/dailyweb.pl\/stalka\/wp-content\/uploads\/2024\/11\/20230411160907_b060_mtf_11mm_en_20210216-1024x622.jpg 1024w, https:\/\/dailyweb.pl\/stalka\/wp-content\/uploads\/2024\/11\/20230411160907_b060_mtf_11mm_en_20210216-300x182.jpg 300w, https:\/\/dailyweb.pl\/stalka\/wp-content\/uploads\/2024\/11\/20230411160907_b060_mtf_11mm_en_20210216-768x466.jpg 768w, https:\/\/dailyweb.pl\/stalka\/wp-content\/uploads\/2024\/11\/20230411160907_b060_mtf_11mm_en_20210216.jpg 1255w\" sizes=\"(max-width: 1024px) 100vw, 1024px\" \/><\/figure>\n\n\n\n<figure class=\"wp-block-image size-large\"><img decoding=\"async\" width=\"1024\" height=\"622\" data-id=\"14604\" src=\"https:\/\/dailyweb.pl\/stalka\/wp-content\/uploads\/2024\/11\/20230411160907_b060_mtf_20mm_en_20210216-1024x622.jpg\" alt=\"\" class=\"wp-image-14604\" title=\"\" srcset=\"https:\/\/dailyweb.pl\/stalka\/wp-content\/uploads\/2024\/11\/20230411160907_b060_mtf_20mm_en_20210216-1024x622.jpg 1024w, https:\/\/dailyweb.pl\/stalka\/wp-content\/uploads\/2024\/11\/20230411160907_b060_mtf_20mm_en_20210216-300x182.jpg 300w, https:\/\/dailyweb.pl\/stalka\/wp-content\/uploads\/2024\/11\/20230411160907_b060_mtf_20mm_en_20210216-768x466.jpg 768w, https:\/\/dailyweb.pl\/stalka\/wp-content\/uploads\/2024\/11\/20230411160907_b060_mtf_20mm_en_20210216.jpg 1255w\" sizes=\"(max-width: 1024px) 100vw, 1024px\" \/><\/figure>\n<\/figure>\n\n\n\n<p>Obiektyw posiada konstrukcj\u0119 sk\u0142adaj\u0105c\u0105 si\u0119 z 12 element\u00f3w u\u0142o\u017conych w 10 grup, w tym dwa elementy GM (Glass Molded Aspherical), kt\u00f3re wed\u0142ug Tamrona utrzymuj\u0105 wysok\u0105 rozdzielczo\u015b\u0107 na ca\u0142ym obszarze obrazu, a tak\u017ce jeden element XLD (eXtra Low Dispersion) i dwa elementy LD (Low Dispersion), kt\u00f3re zosta\u0142y zaprojektowane w celu t\u0142umienia aberracji. Jedn\u0105 z zauwa\u017calnych r\u00f3\u017cnic mi\u0119dzy t\u0105 wersj\u0105 z mocowaniem RF a wersjami Sony i Fujifilm jest to, \u017ce Tamron doda\u0142 prze\u0142\u0105cznik wyboru r\u0119cznego ustawiania ostro\u015bci\/autofokusa na zewn\u0105trz korpusu obiektywu. Podobnie wygl\u0105da sprawa z obiektywem Samyanga, wi\u0119c mo\u017ce by\u0107 to wym\u00f3g ze strony Canona. <\/p>\n\n\n\n<figure class=\"wp-block-gallery has-nested-images columns-default is-cropped wp-block-gallery-2 is-layout-flex wp-block-gallery-is-layout-flex\">\n<figure class=\"wp-block-image size-large\"><img loading=\"lazy\" decoding=\"async\" width=\"1024\" height=\"683\" data-id=\"14607\" src=\"https:\/\/dailyweb.pl\/stalka\/wp-content\/uploads\/2024\/11\/b060rf_magnification_01-1024x683.jpg\" alt=\"\" class=\"wp-image-14607\" title=\"\" srcset=\"https:\/\/dailyweb.pl\/stalka\/wp-content\/uploads\/2024\/11\/b060rf_magnification_01-1024x683.jpg 1024w, https:\/\/dailyweb.pl\/stalka\/wp-content\/uploads\/2024\/11\/b060rf_magnification_01-300x200.jpg 300w, https:\/\/dailyweb.pl\/stalka\/wp-content\/uploads\/2024\/11\/b060rf_magnification_01-768x512.jpg 768w, https:\/\/dailyweb.pl\/stalka\/wp-content\/uploads\/2024\/11\/b060rf_magnification_01-1536x1024.jpg 1536w, https:\/\/dailyweb.pl\/stalka\/wp-content\/uploads\/2024\/11\/b060rf_magnification_01-2048x1366.jpg 2048w\" sizes=\"(max-width: 1024px) 100vw, 1024px\" \/><\/figure>\n\n\n\n<figure class=\"wp-block-image size-large\"><img loading=\"lazy\" decoding=\"async\" width=\"1024\" height=\"683\" data-id=\"14606\" src=\"https:\/\/dailyweb.pl\/stalka\/wp-content\/uploads\/2024\/11\/b060rf_magnification_02-1024x683.jpg\" alt=\"\" class=\"wp-image-14606\" title=\"\" srcset=\"https:\/\/dailyweb.pl\/stalka\/wp-content\/uploads\/2024\/11\/b060rf_magnification_02-1024x683.jpg 1024w, https:\/\/dailyweb.pl\/stalka\/wp-content\/uploads\/2024\/11\/b060rf_magnification_02-300x200.jpg 300w, https:\/\/dailyweb.pl\/stalka\/wp-content\/uploads\/2024\/11\/b060rf_magnification_02-768x512.jpg 768w, https:\/\/dailyweb.pl\/stalka\/wp-content\/uploads\/2024\/11\/b060rf_magnification_02-1536x1024.jpg 1536w, https:\/\/dailyweb.pl\/stalka\/wp-content\/uploads\/2024\/11\/b060rf_magnification_02-2048x1366.jpg 2048w\" sizes=\"(max-width: 1024px) 100vw, 1024px\" \/><\/figure>\n<\/figure>\n\n\n\n<figure class=\"wp-block-embed is-type-wp-embed is-provider-sta-ka-pl wp-block-embed-sta-ka-pl\"><div class=\"wp-block-embed__wrapper\">\n<blockquote class=\"wp-embedded-content\" data-secret=\"srtBWieUp8\"><a href=\"https:\/\/dailyweb.pl\/stalka\/tamron-90mm-f-2-8-di-iii-vxd-macro-powrot-legendy\/\">Tamron 90mm f\/2.8 Di III VXD Macro \u2013 powr\u00f3t legendy<\/a><\/blockquote><iframe class=\"wp-embedded-content\" sandbox=\"allow-scripts\" security=\"restricted\" style=\"position: absolute; visibility: hidden;\" title=\"&#8222;Tamron 90mm f\/2.8 Di III VXD Macro \u2013 powr\u00f3t legendy&#8221; &#8212; sta\u0142ka.pl\" src=\"https:\/\/dailyweb.pl\/stalka\/tamron-90mm-f-2-8-di-iii-vxd-macro-powrot-legendy\/embed\/#?secret=csKkbSsYg7#?secret=srtBWieUp8\" data-secret=\"srtBWieUp8\" width=\"600\" height=\"338\" frameborder=\"0\" marginwidth=\"0\" marginheight=\"0\" scrolling=\"no\"><\/iframe>\n<\/div><\/figure>\n\n\n\n<p>Tamron 11-20mm F2.8 Di III-A RXD pojawi si\u0119 w sprzeda\u017cy ju\u017c\u00a012 grudnia, ale co do\u015b\u0107 zaskakuj\u0105ce, jego cena katalogowa b\u0119dzie ni\u017csza ni\u017c wersje Sony i Fujifilm: 659 USD w por\u00f3wnaniu do 699 USD. Nie znamy na razie polskich cen i dost\u0119pno\u015bci obiektywu Tamrona. Wi\u0119cej informacji o obiektywie <a href=\"https:\/\/www.tamron.com\/global\/news\/detail\/b060rf_20241127.html\" target=\"_blank\" rel=\"noreferrer noopener nofollow\">znajdziesz tutaj<\/a>.<\/p>\n","protected":false},"excerpt":{"rendered":"<div class=\"nofuss_excerpt\"><p>Ju\u017c za moment pojawi si\u0119 d\u0142ugo wyczekiwany obiektyw od Tamrona.<\/p>\n<\/div>","protected":false},"author":2,"featured_media":14608,"comment_status":"open","ping_status":"open","sticky":false,"template":"","format":"standard","meta":{"_acf_changed":false,"footnotes":""},"categories":[1],"tags":[199,200,523],"class_list":["post-14596","post","type-post","status-publish","format-standard","has-post-thumbnail","hentry","category-aktualnosci","tag-canon-rf","tag-tamron","tag-tamron-11-20mm-f-2-8"],"acf":[],"_links":{"self":[{"href":"https:\/\/dailyweb.pl\/stalka\/wp-json\/wp\/v2\/posts\/14596","targetHints":{"allow":["GET"]}}],"collection":[{"href":"https:\/\/dailyweb.pl\/stalka\/wp-json\/wp\/v2\/posts"}],"about":[{"href":"https:\/\/dailyweb.pl\/stalka\/wp-json\/wp\/v2\/types\/post"}],"author":[{"embeddable":true,"href":"https:\/\/dailyweb.pl\/stalka\/wp-json\/wp\/v2\/users\/2"}],"replies":[{"embeddable":true,"href":"https:\/\/dailyweb.pl\/stalka\/wp-json\/wp\/v2\/comments?post=14596"}],"version-history":[{"count":5,"href":"https:\/\/dailyweb.pl\/stalka\/wp-json\/wp\/v2\/posts\/14596\/revisions"}],"predecessor-version":[{"id":14609,"href":"https:\/\/dailyweb.pl\/stalka\/wp-json\/wp\/v2\/posts\/14596\/revisions\/14609"}],"wp:featuredmedia":[{"embeddable":true,"href":"https:\/\/dailyweb.pl\/stalka\/wp-json\/wp\/v2\/media\/14608"}],"wp:attachment":[{"href":"https:\/\/dailyweb.pl\/stalka\/wp-json\/wp\/v2\/media?parent=14596"}],"wp:term":[{"taxonomy":"category","embeddable":true,"href":"https:\/\/dailyweb.pl\/stalka\/wp-json\/wp\/v2\/categories?post=14596"},{"taxonomy":"post_tag","embeddable":true,"href":"https:\/\/dailyweb.pl\/stalka\/wp-json\/wp\/v2\/tags?post=14596"}],"curies":[{"name":"wp","href":"https:\/\/api.w.org\/{rel}","templated":true}]}}