{"id":13980,"date":"2024-11-07T09:03:37","date_gmt":"2024-11-07T08:03:37","guid":{"rendered":"https:\/\/dailyweb.pl\/stalka\/?p=13980"},"modified":"2024-11-07T09:03:39","modified_gmt":"2024-11-07T08:03:39","slug":"ricoh-gr-iv-wkrotce","status":"publish","type":"post","link":"https:\/\/dailyweb.pl\/stalka\/ricoh-gr-iv-wkrotce\/","title":{"rendered":"Ricoh GR IV\u00a0pojawi si\u0119 wkr\u00f3tce? I to w dw\u00f3ch wersjach?"},"content":{"rendered":"\n<p>Na now\u0105 wersj\u0119 aparatu Ricoh GR ostrzymy sobie z\u0119by ju\u017c od jakeigo\u015b czasu. Mija w ko\u0144cu prawie 7 lat od premiery Ricoh GR III. <a href=\"https:\/\/dailyweb.pl\/stalka\/ricoh-gr-iii-hdf-czyli-tylko-ricoh-wie-jak-kompletnie-rozczarowac-swoja-spolecznosc\/\" target=\"_blank\" rel=\"noreferrer noopener\">Premiera Ricoh GR III HDF<\/a> by\u0142a w naszej redakcji przyj\u0119ta z du\u017c\u0105 doz\u0105 rozczarowania, cho\u0107 to przecie\u017c naprawd\u0119 dobry sprz\u0119t, o czym mogli\u015bcie si\u0119 przekona\u0107 w <a href=\"https:\/\/dailyweb.pl\/stalka\/tag\/ricoh-gr-iii-hdf\/\" target=\"_blank\" rel=\"noreferrer noopener\">wielu materia\u0142ach na sta\u0142ce<\/a>. Czekamy po prostu z ut\u0119sknieniem na czw\u00f3rk\u0119.<\/p>\n\n\n\n<h2 class=\"wp-block-heading\">Ricoh GR IV\u00a0na pocz\u0105tku 2025 roku?<\/h2>\n\n\n\n<figure class=\"wp-block-image size-full\"><img fetchpriority=\"high\" decoding=\"async\" width=\"943\" height=\"530\" src=\"https:\/\/dailyweb.pl\/stalka\/wp-content\/uploads\/2024\/05\/gr_hdf_01.avif\" alt=\"\" class=\"wp-image-8074\" title=\"\" srcset=\"https:\/\/dailyweb.pl\/stalka\/wp-content\/uploads\/2024\/05\/gr_hdf_01.avif 943w, https:\/\/dailyweb.pl\/stalka\/wp-content\/uploads\/2024\/05\/gr_hdf_01-300x169.avif 300w, https:\/\/dailyweb.pl\/stalka\/wp-content\/uploads\/2024\/05\/gr_hdf_01-768x432.avif 768w\" sizes=\"(max-width: 943px) 100vw, 943px\" \/><figcaption class=\"wp-element-caption\">Ricoh GR III doczeka si\u0119 w ko\u0144cu nast\u0119pcy?<\/figcaption><\/figure>\n\n\n\n<p>Andrea Pizzini znany z wielu sprawdzaj\u0105cych si\u0119 przeciek\u00f3w, poinformowa\u0142, \u017ce otrzyma\u0142 informacje o nadchodz\u0105cych dw\u00f3ch aparatach Ricoh. Pierwszym z nich ma by\u0107 Ricoh GR IV, kt\u00f3ry ma si\u0119 pojawi\u0107 przed ko\u0144cem roku fiskalnego, czyli do ko\u0144ca pierwszego kwarta\u0142u 2025 roku. Drugi aparat ma zadebiutowa\u0107 p\u00f3\u017aniej i ma to by\u0107 monochromatyczna wersja GR IV. <\/p>\n\n\n\n<p>Nie wiemy niestety nic o specyfikacji nadchodz\u0105cych aparat\u00f3w. Licz\u0119 na now\u0105 matryc\u0119, bo po siedmiu latach zdecydowanie czas na zmiany, a Ricoh raczej nie b\u0119dzie chcia\u0142 igra\u0107 z klientami, sprzedaj\u0105c kolejny raz ten sam sprz\u0119t, tylko inaczej nazwany. Nie spodziewa\u0142bym si\u0119 za to znacz\u0105cych zmian w designie, w ko\u0144cu zwyci\u0119skiego sk\u0142adu si\u0119 nie zmienia. Nie spodziewam si\u0119 tak\u017ce r\u00f3\u017cnych wersji kolorystycznych, to raczej zarezerwowane b\u0119dzie dla edycji specjalnych, jak to mia\u0142o miejsce w przypadku Ricoh GR III. Ricoh GR III Street Edition to moim zdaniem, zaraz obok Hasselblada X2D 100C, jeden z naj\u0142adniejszych aparat\u00f3w na rynku.<\/p>\n\n\n\n<figure class=\"wp-block-embed is-type-wp-embed is-provider-sta-ka-pl wp-block-embed-sta-ka-pl\"><div class=\"wp-block-embed__wrapper\">\n<blockquote class=\"wp-embedded-content\" data-secret=\"dw7ma3oNEl\"><a href=\"https:\/\/dailyweb.pl\/stalka\/ricoh-gr-vs-iphone-15-pro-max-fotograficzny-pojedynek\/\">Ricoh GR vs iPhone 15 Pro Max \u2013 fotograficzny pojedynek<\/a><\/blockquote><iframe class=\"wp-embedded-content\" sandbox=\"allow-scripts\" security=\"restricted\" style=\"position: absolute; visibility: hidden;\" title=\"&#8222;Ricoh GR vs iPhone 15 Pro Max \u2013 fotograficzny pojedynek&#8221; &#8212; sta\u0142ka.pl\" src=\"https:\/\/dailyweb.pl\/stalka\/ricoh-gr-vs-iphone-15-pro-max-fotograficzny-pojedynek\/embed\/#?secret=wKGfyw4dOH#?secret=dw7ma3oNEl\" data-secret=\"dw7ma3oNEl\" width=\"600\" height=\"338\" frameborder=\"0\" marginwidth=\"0\" marginheight=\"0\" scrolling=\"no\"><\/iframe>\n<\/div><\/figure>\n\n\n\n<p>YouTuber twierdzi, \u017ce \u017ar\u00f3d\u0142o, z kt\u00f3rego pozyska\u0142 informacje, jest sprawdzone i wcze\u015bniej dostarcza\u0142o przeciek\u00f3w o nowo\u015bciach innych firm, wi\u0119c pozostaje nam czeka\u0107, bo pierwszy kwarta\u0142 przysz\u0142ego roku jest naprawd\u0119 tu\u017c tu\u017c, wi\u0119c wkr\u00f3tce powinni\u015bmy dosta\u0107 wi\u0119cej informacji. Czekacie tak jak my na premier\u0119 nowych Ricoh?<\/p>\n","protected":false},"excerpt":{"rendered":"<div class=\"nofuss_excerpt\"><p>W sieci pojawi\u0142y si\u0119 plotki o rych\u0142ym nadej\u015bciu Ricoh GR IV i to w dw\u00f3ch wersjach.<\/p>\n<\/div>","protected":false},"author":2,"featured_media":13987,"comment_status":"open","ping_status":"open","sticky":false,"template":"","format":"standard","meta":{"_acf_changed":false,"footnotes":""},"categories":[1],"tags":[86,495,496],"class_list":["post-13980","post","type-post","status-publish","format-standard","has-post-thumbnail","hentry","category-aktualnosci","tag-ricoh","tag-ricoh-gr","tag-ricoh-gr-iv"],"acf":[],"_links":{"self":[{"href":"https:\/\/dailyweb.pl\/stalka\/wp-json\/wp\/v2\/posts\/13980","targetHints":{"allow":["GET"]}}],"collection":[{"href":"https:\/\/dailyweb.pl\/stalka\/wp-json\/wp\/v2\/posts"}],"about":[{"href":"https:\/\/dailyweb.pl\/stalka\/wp-json\/wp\/v2\/types\/post"}],"author":[{"embeddable":true,"href":"https:\/\/dailyweb.pl\/stalka\/wp-json\/wp\/v2\/users\/2"}],"replies":[{"embeddable":true,"href":"https:\/\/dailyweb.pl\/stalka\/wp-json\/wp\/v2\/comments?post=13980"}],"version-history":[{"count":6,"href":"https:\/\/dailyweb.pl\/stalka\/wp-json\/wp\/v2\/posts\/13980\/revisions"}],"predecessor-version":[{"id":13990,"href":"https:\/\/dailyweb.pl\/stalka\/wp-json\/wp\/v2\/posts\/13980\/revisions\/13990"}],"wp:featuredmedia":[{"embeddable":true,"href":"https:\/\/dailyweb.pl\/stalka\/wp-json\/wp\/v2\/media\/13987"}],"wp:attachment":[{"href":"https:\/\/dailyweb.pl\/stalka\/wp-json\/wp\/v2\/media?parent=13980"}],"wp:term":[{"taxonomy":"category","embeddable":true,"href":"https:\/\/dailyweb.pl\/stalka\/wp-json\/wp\/v2\/categories?post=13980"},{"taxonomy":"post_tag","embeddable":true,"href":"https:\/\/dailyweb.pl\/stalka\/wp-json\/wp\/v2\/tags?post=13980"}],"curies":[{"name":"wp","href":"https:\/\/api.w.org\/{rel}","templated":true}]}}