{"id":13200,"date":"2024-10-21T09:48:26","date_gmt":"2024-10-21T07:48:26","guid":{"rendered":"https:\/\/dailyweb.pl\/stalka\/?p=13200"},"modified":"2024-10-21T09:48:27","modified_gmt":"2024-10-21T07:48:27","slug":"wywiad-kiedy-obiektywy-od-sigmy-dla-bagnetu-rf-z-ktorego-obiektywu-sigma-jest-szczegolnie-dumna-wywiad-z-brand-managerem-marki-sigma-lukaszem-mikulskim","status":"publish","type":"post","link":"https:\/\/dailyweb.pl\/stalka\/wywiad-kiedy-obiektywy-od-sigmy-dla-bagnetu-rf-z-ktorego-obiektywu-sigma-jest-szczegolnie-dumna-wywiad-z-brand-managerem-marki-sigma-lukaszem-mikulskim\/","title":{"rendered":"[WYWIAD] Kiedy obiektywy od Sigmy dla bagnetu RF? Z kt\u00f3rego obiektywu Sigma jest szczeg\u00f3lnie dumna? Wywiad z brand managerem marki Sigma, \u0141ukaszem Mikulskim"},"content":{"rendered":"\n<p>Witajcie w kolejnym odcinku podcastu Audycja o Fotografii. Dzisiaj mamy dla Was specjalnego go\u015bcia, mianowicie b\u0119dziemy rozmawia\u0107 z \u0141ukaszem Mikulskim, najwa\u017cniejsz\u0105 osob\u0105 w marce Sigma na polskim rynku.<\/p>\n\n\n\n<p>\u0141ukasz opowie nam m. in.:<\/p>\n\n\n\n<ul class=\"wp-block-list\">\n<li>procesie tworzenia nowych obiektyw\u00f3w<\/li>\n\n\n\n<li>z kt\u00f3rego obiektywu Sigma jest szczeg\u00f3lnie dumna<\/li>\n\n\n\n<li>kiedy zobaczymy obiektywy RF do Canona<\/li>\n\n\n\n<li>o roli chi\u0144skich producent\u00f3w obiektyw\u00f3w<\/li>\n<\/ul>\n\n\n\n<p>\u2026i wiele wi\u0119cej. Zapraszamy na pierwszy wywiad w ramach naszego podcastu i przypominamy, \u017ce mo\u017cecie na s\u0142ucha\u0107 na Spotify i Apple Podcasts. Zarejestrowany odcinek poni\u017cej.<\/p>\n\n\n\n<iframe style=\"border-radius:12px\" src=\"https:\/\/open.spotify.com\/embed\/episode\/5dclF1CJ4TyFr7adddAQjM?utm_source=generator\" width=\"100%\" height=\"352\" frameBorder=\"0\" allowfullscreen=\"\" allow=\"autoplay; clipboard-write; encrypted-media; fullscreen; picture-in-picture\" loading=\"lazy\"><\/iframe>\n\n\n\n<p><\/p>\n","protected":false},"excerpt":{"rendered":"<div class=\"nofuss_excerpt\"><p>Rozmowa z \u0141ukaszem Mikulskim, Brand Managerem w marce Sigma.<\/p>\n<\/div>","protected":false},"author":1,"featured_media":9966,"comment_status":"open","ping_status":"open","sticky":false,"template":"","format":"standard","meta":{"_acf_changed":false,"footnotes":""},"categories":[1],"tags":[256,467,255,196,466],"class_list":["post-13200","post","type-post","status-publish","format-standard","has-post-thumbnail","hentry","category-aktualnosci","tag-audycja-o-fotografii","tag-lukasz-mikulski","tag-podcast","tag-sigma","tag-wywiad"],"acf":[],"_links":{"self":[{"href":"https:\/\/dailyweb.pl\/stalka\/wp-json\/wp\/v2\/posts\/13200","targetHints":{"allow":["GET"]}}],"collection":[{"href":"https:\/\/dailyweb.pl\/stalka\/wp-json\/wp\/v2\/posts"}],"about":[{"href":"https:\/\/dailyweb.pl\/stalka\/wp-json\/wp\/v2\/types\/post"}],"author":[{"embeddable":true,"href":"https:\/\/dailyweb.pl\/stalka\/wp-json\/wp\/v2\/users\/1"}],"replies":[{"embeddable":true,"href":"https:\/\/dailyweb.pl\/stalka\/wp-json\/wp\/v2\/comments?post=13200"}],"version-history":[{"count":4,"href":"https:\/\/dailyweb.pl\/stalka\/wp-json\/wp\/v2\/posts\/13200\/revisions"}],"predecessor-version":[{"id":13204,"href":"https:\/\/dailyweb.pl\/stalka\/wp-json\/wp\/v2\/posts\/13200\/revisions\/13204"}],"wp:featuredmedia":[{"embeddable":true,"href":"https:\/\/dailyweb.pl\/stalka\/wp-json\/wp\/v2\/media\/9966"}],"wp:attachment":[{"href":"https:\/\/dailyweb.pl\/stalka\/wp-json\/wp\/v2\/media?parent=13200"}],"wp:term":[{"taxonomy":"category","embeddable":true,"href":"https:\/\/dailyweb.pl\/stalka\/wp-json\/wp\/v2\/categories?post=13200"},{"taxonomy":"post_tag","embeddable":true,"href":"https:\/\/dailyweb.pl\/stalka\/wp-json\/wp\/v2\/tags?post=13200"}],"curies":[{"name":"wp","href":"https:\/\/api.w.org\/{rel}","templated":true}]}}