{"id":10443,"date":"2024-08-14T10:24:11","date_gmt":"2024-08-14T08:24:11","guid":{"rendered":"https:\/\/stalka.pl\/?p=10443"},"modified":"2025-01-26T13:35:43","modified_gmt":"2025-01-26T12:35:43","slug":"canon-dementuje-informacje-o-blokadzie-baterii-firm-trzecich","status":"publish","type":"post","link":"https:\/\/dailyweb.pl\/stalka\/canon-dementuje-informacje-o-blokadzie-baterii-firm-trzecich\/","title":{"rendered":"Canon dementuje informacje o blokadzie baterii firm trzecich"},"content":{"rendered":"\n<p><a href=\"https:\/\/stalka.pl\/canon-blokuje-uzywanie-baterii-od-firm-trzecich\/\" target=\"_blank\" rel=\"noreferrer noopener nofollow\">Wczoraj pisali\u015bmy<\/a>, \u017ce YouTuber JCustom, testuj\u0105c now\u0105 R5 Mark II, zauwa\u017cy\u0142, \u017ce nie dzia\u0142aj\u0105 w niej \u017cadne baterie firm trzecich. Testowa\u0142 on wykorzystywane w R5 baterie takich firm jak Neewer i Powerextra. Testowa\u0142 je tak\u017ce w gripie BG-R20, miksuj\u0105c z oryginaln\u0105 bateri\u0105 od Canona. Za\u0142o\u017cy\u0142 wi\u0119c, \u017ce Canon zablokowa\u0142 baterie firm trzecich.<\/p>\n\n\n\n<h2 class=\"wp-block-heading\">Canon dementuje blokowanie u\u017cycia baterii firm trzecich<\/h2>\n\n\n\n<figure class=\"wp-block-image size-large\"><img fetchpriority=\"high\" decoding=\"async\" width=\"1024\" height=\"683\" src=\"https:\/\/stalka.pl\/wp-content\/uploads\/2024\/07\/IMG_9704-1024x683.jpg\" alt=\"Canon EOS R5 Mark II\" class=\"wp-image-9620\" title=\"\" srcset=\"https:\/\/dailyweb.pl\/stalka\/wp-content\/uploads\/2024\/07\/IMG_9704-1024x683.jpg 1024w, https:\/\/dailyweb.pl\/stalka\/wp-content\/uploads\/2024\/07\/IMG_9704-300x200.jpg 300w, https:\/\/dailyweb.pl\/stalka\/wp-content\/uploads\/2024\/07\/IMG_9704-768x512.jpg 768w, https:\/\/dailyweb.pl\/stalka\/wp-content\/uploads\/2024\/07\/IMG_9704-1536x1024.jpg 1536w, https:\/\/dailyweb.pl\/stalka\/wp-content\/uploads\/2024\/07\/IMG_9704.jpg 1920w\" sizes=\"(max-width: 1024px) 100vw, 1024px\" \/><\/figure>\n\n\n\n<p>Serwis PetaPixel skontaktowa\u0142 si\u0119 z firm\u0105, aby zapyta\u0107, czy wprowadzi\u0142a jakiekolwiek ograniczenia dotycz\u0105ce baterii w Canon EOS R5 Mark II lub czy istnieje wym\u00f3g u\u017cywania oficjalnych baterii Canon w R5 II. <em>Nie ma takiego wymogu<\/em> \u2013 odpowiedzia\u0142a firma Canon. Zaleca ona jednak aby w\u0142a\u015bciciele EOS R5 II \u201ekorzystali z akumulator\u00f3w Canon LP-E6P lub LP-E6N\/H (akumulatory LP-E6N\/H ograniczaj\u0105 niekt\u00f3re funkcje)\u201d. Canon przypomina r\u00f3wnie\u017c, \u017ce nie mo\u017cna u\u017cywa\u0107 LP-E6. <\/p>\n\n\n\n<blockquote class=\"wp-block-quote is-layout-flow wp-block-quote-is-layout-flow\">\n<p>Podczas korzystania z akumulator\u00f3w LP-E6NH\/LP-E6N nie mo\u017cna u\u017cywa\u0107 funkcji sieciowych (Wi-Fi\/Ethernet) i wielofunkcyjnych akcesori\u00f3w stopki, kt\u00f3re wymagaj\u0105 intensywnego zasilania z aparatu. Funkcja zdj\u0119\u0107 seryjnych, wyj\u015bcie HDMI RAW i podw\u00f3jne fotografowanie (zdj\u0119cia i filmy) nie s\u0105 dost\u0119pne. Szybko\u015b\u0107 zdj\u0119\u0107 seryjnych mo\u017ce by\u0107 zmniejszona. Podczas nagrywania film\u00f3w rozdzielczo\u015b\u0107, jako\u015b\u0107 obrazu i liczba klatek na sekund\u0119 s\u0105 ograniczone.<\/p>\n<cite>\u017ar. <a href=\"https:\/\/cam.start.canon\/en\/\" target=\"_blank\" rel=\"noreferrer noopener nofollow\">canon<\/a><\/cite><\/blockquote>\n\n\n\n<figure class=\"wp-block-embed is-type-wp-embed is-provider-sta-ka-pl wp-block-embed-sta-ka-pl\"><div class=\"wp-block-embed__wrapper\">\n<blockquote class=\"wp-embedded-content\" data-secret=\"yZuq4VaLLC\"><a href=\"https:\/\/dailyweb.pl\/stalka\/canon-eos-r6-mark-iii-juz-za-rogiem\/\">Canon EOS R6 Mark III ju\u017c za rogiem?<\/a><\/blockquote><iframe class=\"wp-embedded-content\" sandbox=\"allow-scripts\" security=\"restricted\" style=\"position: absolute; visibility: hidden;\" title=\"&#8222;Canon EOS R6 Mark III ju\u017c za rogiem?&#8221; &#8212; sta\u0142ka.pl\" src=\"https:\/\/dailyweb.pl\/stalka\/canon-eos-r6-mark-iii-juz-za-rogiem\/embed\/#?secret=HkN742oIuj#?secret=yZuq4VaLLC\" data-secret=\"yZuq4VaLLC\" width=\"600\" height=\"338\" frameborder=\"0\" marginwidth=\"0\" marginheight=\"0\" scrolling=\"no\"><\/iframe>\n<\/div><\/figure>\n\n\n\n<p>Canon nie wprowadzi\u0142 ogranicze\u0144 dotycz\u0105cych korzystania z baterii innych firm w aparacie EOS R5 Mark II. Jednak niekt\u00f3re funkcje wymagaj\u0105 zupe\u0142nie nowej baterii Canon LP-E6P, a producenci zewn\u0119trzni najwyra\u017aniej nie nadrobili zaleg\u0142o\u015bci. Trzeba czeka\u0107 wi\u0119c, a\u017c baterie firm trzecich b\u0119d\u0105&nbsp;w stanie <em>nakarmi\u0107<\/em> nowe aparaty EOS R5 Mark II.<\/p>\n","protected":false},"excerpt":{"rendered":"<div class=\"nofuss_excerpt\"><p>Canon odni\u00f3s\u0142 si\u0119 do informacji o blokowaniu nieoryginalnych baterii w Canon EOS R5 Mark II.<\/p>\n<\/div>","protected":false},"author":2,"featured_media":9616,"comment_status":"open","ping_status":"open","sticky":false,"template":"","format":"standard","meta":{"_acf_changed":false,"footnotes":""},"categories":[1],"tags":[83,316,84],"class_list":["post-10443","post","type-post","status-publish","format-standard","has-post-thumbnail","hentry","category-aktualnosci","tag-canon","tag-canon-r5-ii","tag-canon-r5-mark-ii"],"acf":[],"_links":{"self":[{"href":"https:\/\/dailyweb.pl\/stalka\/wp-json\/wp\/v2\/posts\/10443","targetHints":{"allow":["GET"]}}],"collection":[{"href":"https:\/\/dailyweb.pl\/stalka\/wp-json\/wp\/v2\/posts"}],"about":[{"href":"https:\/\/dailyweb.pl\/stalka\/wp-json\/wp\/v2\/types\/post"}],"author":[{"embeddable":true,"href":"https:\/\/dailyweb.pl\/stalka\/wp-json\/wp\/v2\/users\/2"}],"replies":[{"embeddable":true,"href":"https:\/\/dailyweb.pl\/stalka\/wp-json\/wp\/v2\/comments?post=10443"}],"version-history":[{"count":7,"href":"https:\/\/dailyweb.pl\/stalka\/wp-json\/wp\/v2\/posts\/10443\/revisions"}],"predecessor-version":[{"id":15999,"href":"https:\/\/dailyweb.pl\/stalka\/wp-json\/wp\/v2\/posts\/10443\/revisions\/15999"}],"wp:featuredmedia":[{"embeddable":true,"href":"https:\/\/dailyweb.pl\/stalka\/wp-json\/wp\/v2\/media\/9616"}],"wp:attachment":[{"href":"https:\/\/dailyweb.pl\/stalka\/wp-json\/wp\/v2\/media?parent=10443"}],"wp:term":[{"taxonomy":"category","embeddable":true,"href":"https:\/\/dailyweb.pl\/stalka\/wp-json\/wp\/v2\/categories?post=10443"},{"taxonomy":"post_tag","embeddable":true,"href":"https:\/\/dailyweb.pl\/stalka\/wp-json\/wp\/v2\/tags?post=10443"}],"curies":[{"name":"wp","href":"https:\/\/api.w.org\/{rel}","templated":true}]}}