{"id":10243,"date":"2024-08-02T10:03:33","date_gmt":"2024-08-02T08:03:33","guid":{"rendered":"https:\/\/stalka.pl\/?p=10243"},"modified":"2024-08-02T15:45:57","modified_gmt":"2024-08-02T13:45:57","slug":"canon-eos-r6-mark-iii-juz-za-rogiem","status":"publish","type":"post","link":"https:\/\/dailyweb.pl\/stalka\/canon-eos-r6-mark-iii-juz-za-rogiem\/","title":{"rendered":"Canon EOS R6 Mark III ju\u017c za rogiem?"},"content":{"rendered":"\n<p>Oczywi\u015bcie te doniesienia delikatnie ostudzi\u0142y m\u00f3j entuzjazm dotycz\u0105cy zakupu R6 drugiej generacji. Je\u017celi nie \u015bledzicie na bie\u017c\u0105co naszych tekst\u00f3w, to odsy\u0142am do <a href=\"https:\/\/stalka.pl\/jaki-aparat-do-10-000-zlotych-wybieram-aparat-dla-siebie\/\" data-type=\"post\" data-id=\"9886\" rel=\"nofollow noopener\" target=\"_blank\">artyku\u0142u, w kt\u00f3rym zastanawiam si\u0119 nad tym, jaki aparat wybra\u0107 do 10 000<\/a>, stawiaj\u0105c ostatecznie w\u0142a\u015bnie na R6 Mark II. W obliczu rych\u0142ej premiery nast\u0119pcy musz\u0119 si\u0119 jednak wstrzyma\u0107 z zakupem.<\/p>\n\n\n\n<h2 class=\"wp-block-heading\">Canon EOS R6 Mark III ma zadebiutowa\u0107 wkr\u00f3tce<\/h2>\n\n\n\n<figure class=\"wp-block-image size-large\"><img fetchpriority=\"high\" decoding=\"async\" width=\"1024\" height=\"683\" src=\"https:\/\/stalka.pl\/wp-content\/uploads\/2024\/07\/eos-r6-mark-ii-lifestyle-47-teddy-morellec_befdf0abeaa04a2e96bbf20a8cda4020-1024x683.webp\" alt=\"\" class=\"wp-image-9926\" title=\"\" srcset=\"https:\/\/dailyweb.pl\/stalka\/wp-content\/uploads\/2024\/07\/eos-r6-mark-ii-lifestyle-47-teddy-morellec_befdf0abeaa04a2e96bbf20a8cda4020-1024x683.webp 1024w, https:\/\/dailyweb.pl\/stalka\/wp-content\/uploads\/2024\/07\/eos-r6-mark-ii-lifestyle-47-teddy-morellec_befdf0abeaa04a2e96bbf20a8cda4020-300x200.webp 300w, https:\/\/dailyweb.pl\/stalka\/wp-content\/uploads\/2024\/07\/eos-r6-mark-ii-lifestyle-47-teddy-morellec_befdf0abeaa04a2e96bbf20a8cda4020-768x512.webp 768w, https:\/\/dailyweb.pl\/stalka\/wp-content\/uploads\/2024\/07\/eos-r6-mark-ii-lifestyle-47-teddy-morellec_befdf0abeaa04a2e96bbf20a8cda4020.webp 1344w\" sizes=\"(max-width: 1024px) 100vw, 1024px\" \/><figcaption class=\"wp-element-caption\">Canon EOS R6 Mark II to aparat, kt\u00f3rego zakup rozwa\u017ca\u0142em. Teraz poczekam jednak na <em>tr\u00f3jk\u0119<\/em><\/figcaption><\/figure>\n\n\n\n<p>Canon EOS R6 zadebiutowa\u0142 w 2020 roku. Jego szcz\u0119\u015bliwym posiadaczem jest nasz redakcyjny Sebastian. To naprawd\u0119 \u015bwietny model, na tyle dobry, \u017ce praca z nim zaczyna fotografa nudzi\u0107. Tak ma w\u0142a\u015bnie Seba, kt\u00f3ry <a href=\"https:\/\/stalka.pl\/fotograficznie-sam-nie-wiem-czego-chce-pomozecie\/\" data-type=\"post\" data-id=\"9889\" rel=\"nofollow noopener\" target=\"_blank\">wci\u0105\u017c nie mo\u017ce si\u0119 odnale\u017a\u0107 w swojej fotograficznej drodze<\/a>. Dwa lata p\u00f3\u017aniej na rynku pojawi\u0142 si\u0119 nast\u0119pca aparatu \u2013 Canon EOS R6 Mark II. Kolejne dwa lata po tej premierze, m\u00f3wi si\u0119 o rych\u0142ej premierze kolejnej ods\u0142ony tego \u015bwietnego modelu.<\/p>\n\n\n\n<p>Oczywi\u015bcie premiera od\u015bwie\u017conego Canona mia\u0142aby by\u0107 odpowiedzi\u0105 na wydanego niedawno hybrydowego Nikona Z6 III. Wed\u0142ug \u017ar\u00f3de\u0142 najwcze\u015bniejsz\u0105 dat\u0105, w kt\u00f3rej mogliby\u015bmy zobaczy\u0107 nowy aparat Canona, jest grudzie\u0144, co pozwoli\u0142oby na zachowanie dwuletniego cyklu wydawniczego. Na pierwszy rzut oka 2-letni cykl produktowy, kt\u00f3ry prawdopodobnie b\u0119dzie kontynuowany dla tej serii, wydaje si\u0119 by\u0107 do\u015b\u0107 zaskakuj\u0105cy. Jednak zak\u0142adaj\u0105c, \u017ce jest to najlepiej sprzedaj\u0105cy si\u0119 pe\u0142noklatkowy aparat bezlusterkowy firmy Canon i znajduje si\u0119 w konkurencyjnym segmencie, nie powinno to by\u0107 zaskoczeniem, zw\u0142aszcza por\u00f3wnuj\u0105c to z rynkiem mobile, gdzie przyzwyczaili\u015bmy si\u0119 do rokrocznych premier. <\/p>\n\n\n\n<figure class=\"wp-block-embed alignwide is-type-wp-embed is-provider-sta-ka-pl wp-block-embed-sta-ka-pl\"><div class=\"wp-block-embed__wrapper\">\n<blockquote class=\"wp-embedded-content\" data-secret=\"LaFPjQctaW\"><a href=\"https:\/\/stalka.pl\/canon-pokaze-dwie-kolejne-hybrydowe-jasne-stalki\/\" rel=\"nofollow noopener\" target=\"_blank\">Canon poka\u017ce dwie kolejne hybrydowe jasne sta\u0142ki<\/a><\/blockquote><iframe class=\"wp-embedded-content\" sandbox=\"allow-scripts\" security=\"restricted\" style=\"position: absolute; visibility: hidden;\" title=\"&#8222;Canon poka\u017ce dwie kolejne hybrydowe jasne sta\u0142ki&#8221; &#8212; sta\u0142ka.pl\" src=\"https:\/\/stalka.pl\/canon-pokaze-dwie-kolejne-hybrydowe-jasne-stalki\/embed\/#?secret=hSgrSAZtsZ#?secret=LaFPjQctaW\" data-secret=\"LaFPjQctaW\" width=\"600\" height=\"338\" frameborder=\"0\" marginwidth=\"0\" marginheight=\"0\" scrolling=\"no\"><\/iframe>\n<\/div><\/figure>\n\n\n\n<h2 class=\"wp-block-heading\">Canon EOS R6 Mark III \u2013 zak\u0142adana specyfikacja<\/h2>\n\n\n\n<p>Nawet je\u017celi przecieki si\u0119 potwierdz\u0105, to do premiery Canona EOS R6 Mark III pozosta\u0142o jeszcze kilka miesi\u0119cy, wi\u0119c specyfikacja, kt\u00f3r\u0105 podajemy ni\u017cej, nie jest w \u017caden spos\u00f3b potwierdzona. Cz\u0119sto jednak przynajmniej cz\u0119\u015b\u0107 specyfikacji si\u0119 potwierdza, wi\u0119c warto zerkn\u0105\u0107 na to, co mo\u017ce zaoferowa\u0107 nam Canon:<\/p>\n\n\n\n<ul class=\"wp-block-list\">\n<li>Sensor 24 MP (powi\u0105zany z sensorem EOS R3)<\/li>\n\n\n\n<li>Mechaniczna i elektroniczna migawka<\/li>\n\n\n\n<li>Brak akceleratora Digic Accelerator lub Eye Control AF (oba widoczne w modelach R1 i R5 Mark II)<\/li>\n\n\n\n<li>Wizjer elektroniczny o rozdzielczo\u015bci 5,69 miliona punkt\u00f3w i szybko\u015bci 120 klatek na sekund\u0119 (taki sam wizjer jak w aparacie EOS R5)<\/li>\n\n\n\n<li>Gniazda kart CFexpress i SD UHS-II<\/li>\n\n\n\n<li>4K 120p \/ FullHD 240p<\/li>\n\n\n\n<li>Ten sam 3-calowy wy\u015bwietlacz LCD<\/li>\n\n\n\n<li>Ulepszona wydajno\u015b\u0107 IBIS<\/li>\n\n\n\n<li>Poprawiona czu\u0142o\u015b\u0107 ustawiania ostro\u015bci<\/li>\n\n\n\n<li>Nieco ci\u0119\u017cszy korpus<\/li>\n<\/ul>\n","protected":false},"excerpt":{"rendered":"<div class=\"nofuss_excerpt\"><p>Zaledwie kilka tygodni po premierze aparat\u00f3w Canon EOS R1 i R5 Mark II, pojawi\u0142y si\u0119 informacje, \u017ce Canon EOS R6 Mark III jest prawie gotowy do premiery.<\/p>\n<\/div>","protected":false},"author":2,"featured_media":7168,"comment_status":"open","ping_status":"open","sticky":false,"template":"","format":"standard","meta":{"_acf_changed":false,"footnotes":""},"categories":[1],"tags":[83,339],"class_list":["post-10243","post","type-post","status-publish","format-standard","has-post-thumbnail","hentry","category-aktualnosci","tag-canon","tag-canon-eos-r6-mark-iii"],"acf":[],"_links":{"self":[{"href":"https:\/\/dailyweb.pl\/stalka\/wp-json\/wp\/v2\/posts\/10243","targetHints":{"allow":["GET"]}}],"collection":[{"href":"https:\/\/dailyweb.pl\/stalka\/wp-json\/wp\/v2\/posts"}],"about":[{"href":"https:\/\/dailyweb.pl\/stalka\/wp-json\/wp\/v2\/types\/post"}],"author":[{"embeddable":true,"href":"https:\/\/dailyweb.pl\/stalka\/wp-json\/wp\/v2\/users\/2"}],"replies":[{"embeddable":true,"href":"https:\/\/dailyweb.pl\/stalka\/wp-json\/wp\/v2\/comments?post=10243"}],"version-history":[{"count":9,"href":"https:\/\/dailyweb.pl\/stalka\/wp-json\/wp\/v2\/posts\/10243\/revisions"}],"predecessor-version":[{"id":10265,"href":"https:\/\/dailyweb.pl\/stalka\/wp-json\/wp\/v2\/posts\/10243\/revisions\/10265"}],"wp:featuredmedia":[{"embeddable":true,"href":"https:\/\/dailyweb.pl\/stalka\/wp-json\/wp\/v2\/media\/7168"}],"wp:attachment":[{"href":"https:\/\/dailyweb.pl\/stalka\/wp-json\/wp\/v2\/media?parent=10243"}],"wp:term":[{"taxonomy":"category","embeddable":true,"href":"https:\/\/dailyweb.pl\/stalka\/wp-json\/wp\/v2\/categories?post=10243"},{"taxonomy":"post_tag","embeddable":true,"href":"https:\/\/dailyweb.pl\/stalka\/wp-json\/wp\/v2\/tags?post=10243"}],"curies":[{"name":"wp","href":"https:\/\/api.w.org\/{rel}","templated":true}]}}